{"id":2157,"date":"2020-12-05T10:24:23","date_gmt":"2020-12-05T09:24:23","guid":{"rendered":"http:\/\/utegestioncangas.com\/?p=2157"},"modified":"2021-01-18T20:04:02","modified_gmt":"2021-01-18T19:04:02","slug":"la-reforma-de-la-subcuenca-de-la-ria-de-aldan-recibe-autorizacion-del-ayuntamiento-en-el-pleno-de-diciembre","status":"publish","type":"post","link":"https:\/\/utegestioncangas.com\/es\/la-reforma-de-la-subcuenca-de-la-ria-de-aldan-recibe-autorizacion-del-ayuntamiento-en-el-pleno-de-diciembre\/","title":{"rendered":"La reforma de la subcuenca de la r\u00eda de Ald\u00e1n recibe autorizaci\u00f3n del ayuntamiento en el pleno de diciembre"},"content":{"rendered":"<div class=\"page\" title=\"Page 1\">\n<div class=\"section\">\n<div class=\"layoutArea\">\n<div class=\"column\">\n<p><strong>05.12.2020.<\/strong> UTE Gesti\u00f3n Cangas invertir\u00e1 1,5 millones de euros en la reforma del saneamiento de la r\u00eda de Ald\u00e1n. As\u00ed fue aprobado en el pleno municipal de diciembre, que da luz verde para que se acometan las actuaciones de mejora de la calidad medioambiental de la subcuenca de O H\u00edo en la r\u00eda de Ald\u00e1n para evitar sobrecargar la Estaci\u00f3n Depuradora de Aguas Residuales (EDAR) de Cangas. Adem\u00e1s de este gran proyecto, se aprobaron tambi\u00e9n la ampliaci\u00f3n de la continuidad del primer tramo de abastecimiento hasta el barrio de A Rosada y la reforma del saneamiento y abastecimiento de la Avenida Esp\u00edrito Santo.<\/p>\n<p>Junto a la modernizaci\u00f3n de la estaci\u00f3n depuradora de aguas residuales (EDAR) y la mejora del saneamiento de Don\u00f3n, que ya se est\u00e1n ejecutando, y la ampliaci\u00f3n del segundo tramo para el abastecimiento en la zona Rosada-Mu\u00ed\u00f1o de Fausto, que acaba de finalizar su plazo de exposici\u00f3n p\u00fablica, son seis los proyectos implementados en este a\u00f1o 2020 pertenecientes a las 37 medidas impulsadas desde la gestora consideradas prioritarias para el municipio. UTE Gesti\u00f3n Cangas moviliz\u00f3 2,2 millones este 2020 para la mejora y modernizaci\u00f3n del ciclo del agua en Cangas, un total del 62% de la inversi\u00f3n comprometida.<\/p>\n<\/div>\n<\/div>\n<\/div>\n<\/div>\n<div class=\"page\" title=\"Page 2\">\n<div class=\"section\">\n<div class=\"layoutArea\">\n<div class=\"column\">\n<p>La instalaci\u00f3n de sistemas para separar las pluvales en las zonas de Vilari\u00f1o, Lim\u00e9ns, Vilanova y O H\u00edo y la reforma de los bombeos y las tuber\u00edas de la zona minimizar\u00e1n las infiltraciones de las aguas subterr\u00e1neas en los pozos de bombeo, que causan el exceso de caudal que provocan los alivios a la R\u00eda de Ald\u00e1n. En el lugar de O H\u00edo se crear\u00e1 una red \u00a0primaria de recogida de pluviales que recorrer\u00e1 la baixada ao Rapallo, calle do Vi\u00f1al y la calle Baixa a Riosteiro. La construcci\u00f3n de un colector para fecales que se conectar\u00e1 a la red de pluviales existente en la calle David Cal y un nuevo colector en la calle Vi\u00f1al y baixada a Rioesteiro renovar\u00e1n por completo el saneamiento actual.<\/p>\n<p>La mejora en el sistema de bombeos comienza por la construcci\u00f3n de un nuevo pozo de bombeo que sustituir\u00e1 el existente y instalaci\u00f3n de un sistema de telecontrol en la Estaci\u00f3n de Bombeo de Aguas Residuales (EBAR) de Vilanova. Contin\u00faa en la EBAR de Vilari\u00f1o, donde se instalar\u00e1 un arenero para facilitar su limpieza, reemplazando bombas y calderer\u00eda.<\/p>\n<p>La optimizaci\u00f3n del funcionamiento de la EBAR de Lim\u00e9ns es la \u00faltima pieza de esta renovaci\u00f3n integral. La instalaci\u00f3n de un nuevo arenero acompa\u00f1ar\u00e1 la ampliaci\u00f3n del tramo de impulsi\u00f3n hasta alcanzar los 700 metros hasta llegar a la EBAR de Santa Marta. Un nuevo colector de 150 metros de saneamiento por gravedad y la renovaci\u00f3n de las bombas completan las reformas en este punto.<\/p>\n<p><strong>A Rosada y Esp\u00edritu Santo, siguientes mejoras para Cangas<\/strong><\/p>\n<p>En el pleno municipal de diciembre, se aprob\u00f3 la puesta en marcha de otros dos proyectos: la primera de las actuaciones para dotar de agua al barrio de A Rosada y la renovaci\u00f3n integral de la Avenida Esp\u00edritu Santo. La ampliaci\u00f3n de la red de abastecimiento del municipio hasta el barrio de la Rosada se llevar\u00e1 a cabo en dos fases: una primera instalaci\u00f3n de 830 metros de tuber\u00eda que se conectar\u00e1 con la red existente y una segunda intervenci\u00f3n en la zona de Mu\u00ed\u00f1o de Fausto, donde se colocar\u00e1 un canal de abastecimiento de 810 metros que conecte coa rede actual. Esta ampliaci\u00f3n se ejecutar\u00e1 en dos meses desde su aprobaci\u00f3n definitiva por \u00a0el ayuntamiento de Cangas.<\/p>\n<p>La renovaci\u00f3n del abastecimiento, saneamiento y el sistema de recogida de pluviales en la Avenida Esp\u00edritu Santo (208.000 \u20ac), consistir\u00e1 en la renovaci\u00f3n de las canalizaciones de saneamiento actuales, que cuentan con fugas y filtraciones que afectan al pavimento del vial, junto con la de todas las canalizaciones de la zona por tuber\u00edas nuevas de 660 metros de longitud las correspondientes arquetas y v\u00e1lvulas de aislamiento.<\/p>\n<\/div>\n<\/div>\n<\/div>\n<\/div>\n","protected":false},"excerpt":{"rendered":"<p>Se aprobaron tambi\u00e9n la ampliaci\u00f3n de la continuidad del primer tramo de abastecimiento hasta el barrio de A Rosada y la reforma del saneamiento y abastecimiento de la Avenida Esp\u00edrito Santo.<\/p>\n","protected":false},"author":5,"featured_media":2160,"comment_status":"closed","ping_status":"closed","sticky":false,"template":"","format":"standard","meta":{"_acf_changed":false,"_exactmetrics_skip_tracking":false,"_exactmetrics_sitenote_active":false,"_exactmetrics_sitenote_note":"","_exactmetrics_sitenote_category":0,"iawp_total_views":6,"footnotes":""},"categories":[40,49],"tags":[124,123],"class_list":["post-2157","post","type-post","status-publish","format-standard","has-post-thumbnail","hentry","category-noticias","category-portada-es","tag-bombeos-aldan-es","tag-vertidos-ria-aldan-es"],"acf":[],"yoast_head":"<!-- This site is optimized with the Yoast SEO plugin v24.5 - https:\/\/yoast.com\/wordpress\/plugins\/seo\/ -->\n<title>La reforma de la subcuenca de la r\u00eda de Ald\u00e1n recibe autorizaci\u00f3n del ayuntamiento en el pleno de diciembre - UTE Gesti\u00f3n Cangas<\/title>\n<meta name=\"description\" content=\"Se aprobaron tambi\u00e9n la ampliaci\u00f3n del abastecimiento hasta el barrio de A Rosada y la reforma del saneamiento y abastecimiento de la Avenida Esp\u00edritu Santo.\" \/>\n<meta name=\"robots\" content=\"index, follow, max-snippet:-1, max-image-preview:large, max-video-preview:-1\" \/>\n<link rel=\"canonical\" href=\"https:\/\/utegestioncangas.com\/es\/la-reforma-de-la-subcuenca-de-la-ria-de-aldan-recibe-autorizacion-del-ayuntamiento-en-el-pleno-de-diciembre\/\" \/>\n<meta property=\"og:locale\" content=\"es_ES\" \/>\n<meta property=\"og:type\" content=\"article\" \/>\n<meta property=\"og:title\" content=\"La reforma de la subcuenca de la r\u00eda de Ald\u00e1n recibe autorizaci\u00f3n del ayuntamiento en el pleno de diciembre - UTE Gesti\u00f3n Cangas\" \/>\n<meta property=\"og:description\" content=\"Se aprobaron tambi\u00e9n la ampliaci\u00f3n del abastecimiento hasta el barrio de A Rosada y la reforma del saneamiento y abastecimiento de la Avenida Esp\u00edritu Santo.\" \/>\n<meta property=\"og:url\" content=\"https:\/\/utegestioncangas.com\/es\/la-reforma-de-la-subcuenca-de-la-ria-de-aldan-recibe-autorizacion-del-ayuntamiento-en-el-pleno-de-diciembre\/\" \/>\n<meta property=\"og:site_name\" content=\"UTE Gesti\u00f3n Cangas\" \/>\n<meta property=\"article:published_time\" content=\"2020-12-05T09:24:23+00:00\" \/>\n<meta property=\"article:modified_time\" content=\"2021-01-18T19:04:02+00:00\" \/>\n<meta property=\"og:image\" content=\"https:\/\/utegestioncangas.com\/wp-content\/uploads\/2020\/12\/MR_AQUALIACANGAS005.jpg\" \/>\n\t<meta property=\"og:image:width\" content=\"1200\" \/>\n\t<meta property=\"og:image:height\" content=\"801\" \/>\n\t<meta property=\"og:image:type\" content=\"image\/jpeg\" \/>\n<meta name=\"author\" content=\"puntoga\" \/>\n<meta name=\"twitter:card\" content=\"summary_large_image\" \/>\n<meta name=\"twitter:label1\" content=\"Escrito por\" \/>\n\t<meta name=\"twitter:data1\" content=\"puntoga\" \/>\n\t<meta name=\"twitter:label2\" content=\"Tiempo de lectura\" \/>\n\t<meta name=\"twitter:data2\" content=\"3 minutos\" \/>\n<script type=\"application\/ld+json\" class=\"yoast-schema-graph\">{\"@context\":\"https:\/\/schema.org\",\"@graph\":[{\"@type\":\"Article\",\"@id\":\"https:\/\/utegestioncangas.com\/es\/la-reforma-de-la-subcuenca-de-la-ria-de-aldan-recibe-autorizacion-del-ayuntamiento-en-el-pleno-de-diciembre\/#article\",\"isPartOf\":{\"@id\":\"https:\/\/utegestioncangas.com\/es\/la-reforma-de-la-subcuenca-de-la-ria-de-aldan-recibe-autorizacion-del-ayuntamiento-en-el-pleno-de-diciembre\/\"},\"author\":{\"name\":\"puntoga\",\"@id\":\"https:\/\/utegestioncangas.com\/es\/#\/schema\/person\/8cd20ccc99da89d838d9240bff227855\"},\"headline\":\"La reforma de la subcuenca de la r\u00eda de Ald\u00e1n recibe autorizaci\u00f3n del ayuntamiento en el pleno de diciembre\",\"datePublished\":\"2020-12-05T09:24:23+00:00\",\"dateModified\":\"2021-01-18T19:04:02+00:00\",\"mainEntityOfPage\":{\"@id\":\"https:\/\/utegestioncangas.com\/es\/la-reforma-de-la-subcuenca-de-la-ria-de-aldan-recibe-autorizacion-del-ayuntamiento-en-el-pleno-de-diciembre\/\"},\"wordCount\":717,\"publisher\":{\"@id\":\"https:\/\/utegestioncangas.com\/es\/#organization\"},\"image\":{\"@id\":\"https:\/\/utegestioncangas.com\/es\/la-reforma-de-la-subcuenca-de-la-ria-de-aldan-recibe-autorizacion-del-ayuntamiento-en-el-pleno-de-diciembre\/#primaryimage\"},\"thumbnailUrl\":\"https:\/\/utegestioncangas.com\/wp-content\/uploads\/2020\/12\/MR_AQUALIACANGAS005.jpg\",\"keywords\":[\"bombeos Ald\u00e1n\",\"vertidos r\u00eda Ald\u00e1n\"],\"articleSection\":[\"Noticias\",\"Portada\"],\"inLanguage\":\"es\"},{\"@type\":\"WebPage\",\"@id\":\"https:\/\/utegestioncangas.com\/es\/la-reforma-de-la-subcuenca-de-la-ria-de-aldan-recibe-autorizacion-del-ayuntamiento-en-el-pleno-de-diciembre\/\",\"url\":\"https:\/\/utegestioncangas.com\/es\/la-reforma-de-la-subcuenca-de-la-ria-de-aldan-recibe-autorizacion-del-ayuntamiento-en-el-pleno-de-diciembre\/\",\"name\":\"La reforma de la subcuenca de la r\u00eda de Ald\u00e1n recibe autorizaci\u00f3n del ayuntamiento en el pleno de diciembre - UTE Gesti\u00f3n Cangas\",\"isPartOf\":{\"@id\":\"https:\/\/utegestioncangas.com\/es\/#website\"},\"primaryImageOfPage\":{\"@id\":\"https:\/\/utegestioncangas.com\/es\/la-reforma-de-la-subcuenca-de-la-ria-de-aldan-recibe-autorizacion-del-ayuntamiento-en-el-pleno-de-diciembre\/#primaryimage\"},\"image\":{\"@id\":\"https:\/\/utegestioncangas.com\/es\/la-reforma-de-la-subcuenca-de-la-ria-de-aldan-recibe-autorizacion-del-ayuntamiento-en-el-pleno-de-diciembre\/#primaryimage\"},\"thumbnailUrl\":\"https:\/\/utegestioncangas.com\/wp-content\/uploads\/2020\/12\/MR_AQUALIACANGAS005.jpg\",\"datePublished\":\"2020-12-05T09:24:23+00:00\",\"dateModified\":\"2021-01-18T19:04:02+00:00\",\"description\":\"Se aprobaron tambi\u00e9n la ampliaci\u00f3n del abastecimiento hasta el barrio de A Rosada y la reforma del saneamiento y abastecimiento de la Avenida Esp\u00edritu Santo.\",\"breadcrumb\":{\"@id\":\"https:\/\/utegestioncangas.com\/es\/la-reforma-de-la-subcuenca-de-la-ria-de-aldan-recibe-autorizacion-del-ayuntamiento-en-el-pleno-de-diciembre\/#breadcrumb\"},\"inLanguage\":\"es\",\"potentialAction\":[{\"@type\":\"ReadAction\",\"target\":[\"https:\/\/utegestioncangas.com\/es\/la-reforma-de-la-subcuenca-de-la-ria-de-aldan-recibe-autorizacion-del-ayuntamiento-en-el-pleno-de-diciembre\/\"]}]},{\"@type\":\"ImageObject\",\"inLanguage\":\"es\",\"@id\":\"https:\/\/utegestioncangas.com\/es\/la-reforma-de-la-subcuenca-de-la-ria-de-aldan-recibe-autorizacion-del-ayuntamiento-en-el-pleno-de-diciembre\/#primaryimage\",\"url\":\"https:\/\/utegestioncangas.com\/wp-content\/uploads\/2020\/12\/MR_AQUALIACANGAS005.jpg\",\"contentUrl\":\"https:\/\/utegestioncangas.com\/wp-content\/uploads\/2020\/12\/MR_AQUALIACANGAS005.jpg\",\"width\":1200,\"height\":801,\"caption\":\"CANGAS, 160519. INSTALACIONES VARIAS AQUALIA CANGAS\"},{\"@type\":\"BreadcrumbList\",\"@id\":\"https:\/\/utegestioncangas.com\/es\/la-reforma-de-la-subcuenca-de-la-ria-de-aldan-recibe-autorizacion-del-ayuntamiento-en-el-pleno-de-diciembre\/#breadcrumb\",\"itemListElement\":[{\"@type\":\"ListItem\",\"position\":1,\"name\":\"Portada\",\"item\":\"https:\/\/utegestioncangas.com\/es\/\"},{\"@type\":\"ListItem\",\"position\":2,\"name\":\"La reforma de la subcuenca de la r\u00eda de Ald\u00e1n recibe autorizaci\u00f3n del ayuntamiento en el pleno de diciembre\"}]},{\"@type\":\"WebSite\",\"@id\":\"https:\/\/utegestioncangas.com\/es\/#website\",\"url\":\"https:\/\/utegestioncangas.com\/es\/\",\"name\":\"UTE Gesti\u00f3n Cangas\",\"description\":\"UTE Gesti\u00f3n Cangas\",\"publisher\":{\"@id\":\"https:\/\/utegestioncangas.com\/es\/#organization\"},\"potentialAction\":[{\"@type\":\"SearchAction\",\"target\":{\"@type\":\"EntryPoint\",\"urlTemplate\":\"https:\/\/utegestioncangas.com\/es\/?s={search_term_string}\"},\"query-input\":{\"@type\":\"PropertyValueSpecification\",\"valueRequired\":true,\"valueName\":\"search_term_string\"}}],\"inLanguage\":\"es\"},{\"@type\":\"Organization\",\"@id\":\"https:\/\/utegestioncangas.com\/es\/#organization\",\"name\":\"UTE Gesti\u00f3n Cangas\",\"url\":\"https:\/\/utegestioncangas.com\/es\/\",\"logo\":{\"@type\":\"ImageObject\",\"inLanguage\":\"es\",\"@id\":\"https:\/\/utegestioncangas.com\/es\/#\/schema\/logo\/image\/\",\"url\":\"http:\/\/utegestioncangas.com\/wp-content\/uploads\/2019\/06\/ute-retina.png\",\"contentUrl\":\"http:\/\/utegestioncangas.com\/wp-content\/uploads\/2019\/06\/ute-retina.png\",\"width\":484,\"height\":100,\"caption\":\"UTE Gesti\u00f3n Cangas\"},\"image\":{\"@id\":\"https:\/\/utegestioncangas.com\/es\/#\/schema\/logo\/image\/\"}},{\"@type\":\"Person\",\"@id\":\"https:\/\/utegestioncangas.com\/es\/#\/schema\/person\/8cd20ccc99da89d838d9240bff227855\",\"name\":\"puntoga\",\"image\":{\"@type\":\"ImageObject\",\"inLanguage\":\"es\",\"@id\":\"https:\/\/utegestioncangas.com\/es\/#\/schema\/person\/image\/\",\"url\":\"https:\/\/secure.gravatar.com\/avatar\/9031bc093d28a3a5d7c7a1394a1c41a5?s=96&d=mm&r=g\",\"contentUrl\":\"https:\/\/secure.gravatar.com\/avatar\/9031bc093d28a3a5d7c7a1394a1c41a5?s=96&d=mm&r=g\",\"caption\":\"puntoga\"}}]}<\/script>\n<!-- \/ Yoast SEO plugin. -->","yoast_head_json":{"title":"La reforma de la subcuenca de la r\u00eda de Ald\u00e1n recibe autorizaci\u00f3n del ayuntamiento en el pleno de diciembre - UTE Gesti\u00f3n Cangas","description":"Se aprobaron tambi\u00e9n la ampliaci\u00f3n del abastecimiento hasta el barrio de A Rosada y la reforma del saneamiento y abastecimiento de la Avenida Esp\u00edritu Santo.","robots":{"index":"index","follow":"follow","max-snippet":"max-snippet:-1","max-image-preview":"max-image-preview:large","max-video-preview":"max-video-preview:-1"},"canonical":"https:\/\/utegestioncangas.com\/es\/la-reforma-de-la-subcuenca-de-la-ria-de-aldan-recibe-autorizacion-del-ayuntamiento-en-el-pleno-de-diciembre\/","og_locale":"es_ES","og_type":"article","og_title":"La reforma de la subcuenca de la r\u00eda de Ald\u00e1n recibe autorizaci\u00f3n del ayuntamiento en el pleno de diciembre - UTE Gesti\u00f3n Cangas","og_description":"Se aprobaron tambi\u00e9n la ampliaci\u00f3n del abastecimiento hasta el barrio de A Rosada y la reforma del saneamiento y abastecimiento de la Avenida Esp\u00edritu Santo.","og_url":"https:\/\/utegestioncangas.com\/es\/la-reforma-de-la-subcuenca-de-la-ria-de-aldan-recibe-autorizacion-del-ayuntamiento-en-el-pleno-de-diciembre\/","og_site_name":"UTE Gesti\u00f3n Cangas","article_published_time":"2020-12-05T09:24:23+00:00","article_modified_time":"2021-01-18T19:04:02+00:00","og_image":[{"width":1200,"height":801,"url":"https:\/\/utegestioncangas.com\/wp-content\/uploads\/2020\/12\/MR_AQUALIACANGAS005.jpg","type":"image\/jpeg"}],"author":"puntoga","twitter_card":"summary_large_image","twitter_misc":{"Escrito por":"puntoga","Tiempo de lectura":"3 minutos"},"schema":{"@context":"https:\/\/schema.org","@graph":[{"@type":"Article","@id":"https:\/\/utegestioncangas.com\/es\/la-reforma-de-la-subcuenca-de-la-ria-de-aldan-recibe-autorizacion-del-ayuntamiento-en-el-pleno-de-diciembre\/#article","isPartOf":{"@id":"https:\/\/utegestioncangas.com\/es\/la-reforma-de-la-subcuenca-de-la-ria-de-aldan-recibe-autorizacion-del-ayuntamiento-en-el-pleno-de-diciembre\/"},"author":{"name":"puntoga","@id":"https:\/\/utegestioncangas.com\/es\/#\/schema\/person\/8cd20ccc99da89d838d9240bff227855"},"headline":"La reforma de la subcuenca de la r\u00eda de Ald\u00e1n recibe autorizaci\u00f3n del ayuntamiento en el pleno de diciembre","datePublished":"2020-12-05T09:24:23+00:00","dateModified":"2021-01-18T19:04:02+00:00","mainEntityOfPage":{"@id":"https:\/\/utegestioncangas.com\/es\/la-reforma-de-la-subcuenca-de-la-ria-de-aldan-recibe-autorizacion-del-ayuntamiento-en-el-pleno-de-diciembre\/"},"wordCount":717,"publisher":{"@id":"https:\/\/utegestioncangas.com\/es\/#organization"},"image":{"@id":"https:\/\/utegestioncangas.com\/es\/la-reforma-de-la-subcuenca-de-la-ria-de-aldan-recibe-autorizacion-del-ayuntamiento-en-el-pleno-de-diciembre\/#primaryimage"},"thumbnailUrl":"https:\/\/utegestioncangas.com\/wp-content\/uploads\/2020\/12\/MR_AQUALIACANGAS005.jpg","keywords":["bombeos Ald\u00e1n","vertidos r\u00eda Ald\u00e1n"],"articleSection":["Noticias","Portada"],"inLanguage":"es"},{"@type":"WebPage","@id":"https:\/\/utegestioncangas.com\/es\/la-reforma-de-la-subcuenca-de-la-ria-de-aldan-recibe-autorizacion-del-ayuntamiento-en-el-pleno-de-diciembre\/","url":"https:\/\/utegestioncangas.com\/es\/la-reforma-de-la-subcuenca-de-la-ria-de-aldan-recibe-autorizacion-del-ayuntamiento-en-el-pleno-de-diciembre\/","name":"La reforma de la subcuenca de la r\u00eda de Ald\u00e1n recibe autorizaci\u00f3n del ayuntamiento en el pleno de diciembre - UTE Gesti\u00f3n Cangas","isPartOf":{"@id":"https:\/\/utegestioncangas.com\/es\/#website"},"primaryImageOfPage":{"@id":"https:\/\/utegestioncangas.com\/es\/la-reforma-de-la-subcuenca-de-la-ria-de-aldan-recibe-autorizacion-del-ayuntamiento-en-el-pleno-de-diciembre\/#primaryimage"},"image":{"@id":"https:\/\/utegestioncangas.com\/es\/la-reforma-de-la-subcuenca-de-la-ria-de-aldan-recibe-autorizacion-del-ayuntamiento-en-el-pleno-de-diciembre\/#primaryimage"},"thumbnailUrl":"https:\/\/utegestioncangas.com\/wp-content\/uploads\/2020\/12\/MR_AQUALIACANGAS005.jpg","datePublished":"2020-12-05T09:24:23+00:00","dateModified":"2021-01-18T19:04:02+00:00","description":"Se aprobaron tambi\u00e9n la ampliaci\u00f3n del abastecimiento hasta el barrio de A Rosada y la reforma del saneamiento y abastecimiento de la Avenida Esp\u00edritu Santo.","breadcrumb":{"@id":"https:\/\/utegestioncangas.com\/es\/la-reforma-de-la-subcuenca-de-la-ria-de-aldan-recibe-autorizacion-del-ayuntamiento-en-el-pleno-de-diciembre\/#breadcrumb"},"inLanguage":"es","potentialAction":[{"@type":"ReadAction","target":["https:\/\/utegestioncangas.com\/es\/la-reforma-de-la-subcuenca-de-la-ria-de-aldan-recibe-autorizacion-del-ayuntamiento-en-el-pleno-de-diciembre\/"]}]},{"@type":"ImageObject","inLanguage":"es","@id":"https:\/\/utegestioncangas.com\/es\/la-reforma-de-la-subcuenca-de-la-ria-de-aldan-recibe-autorizacion-del-ayuntamiento-en-el-pleno-de-diciembre\/#primaryimage","url":"https:\/\/utegestioncangas.com\/wp-content\/uploads\/2020\/12\/MR_AQUALIACANGAS005.jpg","contentUrl":"https:\/\/utegestioncangas.com\/wp-content\/uploads\/2020\/12\/MR_AQUALIACANGAS005.jpg","width":1200,"height":801,"caption":"CANGAS, 160519. INSTALACIONES VARIAS AQUALIA CANGAS"},{"@type":"BreadcrumbList","@id":"https:\/\/utegestioncangas.com\/es\/la-reforma-de-la-subcuenca-de-la-ria-de-aldan-recibe-autorizacion-del-ayuntamiento-en-el-pleno-de-diciembre\/#breadcrumb","itemListElement":[{"@type":"ListItem","position":1,"name":"Portada","item":"https:\/\/utegestioncangas.com\/es\/"},{"@type":"ListItem","position":2,"name":"La reforma de la subcuenca de la r\u00eda de Ald\u00e1n recibe autorizaci\u00f3n del ayuntamiento en el pleno de diciembre"}]},{"@type":"WebSite","@id":"https:\/\/utegestioncangas.com\/es\/#website","url":"https:\/\/utegestioncangas.com\/es\/","name":"UTE Gesti\u00f3n Cangas","description":"UTE Gesti\u00f3n Cangas","publisher":{"@id":"https:\/\/utegestioncangas.com\/es\/#organization"},"potentialAction":[{"@type":"SearchAction","target":{"@type":"EntryPoint","urlTemplate":"https:\/\/utegestioncangas.com\/es\/?s={search_term_string}"},"query-input":{"@type":"PropertyValueSpecification","valueRequired":true,"valueName":"search_term_string"}}],"inLanguage":"es"},{"@type":"Organization","@id":"https:\/\/utegestioncangas.com\/es\/#organization","name":"UTE Gesti\u00f3n Cangas","url":"https:\/\/utegestioncangas.com\/es\/","logo":{"@type":"ImageObject","inLanguage":"es","@id":"https:\/\/utegestioncangas.com\/es\/#\/schema\/logo\/image\/","url":"http:\/\/utegestioncangas.com\/wp-content\/uploads\/2019\/06\/ute-retina.png","contentUrl":"http:\/\/utegestioncangas.com\/wp-content\/uploads\/2019\/06\/ute-retina.png","width":484,"height":100,"caption":"UTE Gesti\u00f3n Cangas"},"image":{"@id":"https:\/\/utegestioncangas.com\/es\/#\/schema\/logo\/image\/"}},{"@type":"Person","@id":"https:\/\/utegestioncangas.com\/es\/#\/schema\/person\/8cd20ccc99da89d838d9240bff227855","name":"puntoga","image":{"@type":"ImageObject","inLanguage":"es","@id":"https:\/\/utegestioncangas.com\/es\/#\/schema\/person\/image\/","url":"https:\/\/secure.gravatar.com\/avatar\/9031bc093d28a3a5d7c7a1394a1c41a5?s=96&d=mm&r=g","contentUrl":"https:\/\/secure.gravatar.com\/avatar\/9031bc093d28a3a5d7c7a1394a1c41a5?s=96&d=mm&r=g","caption":"puntoga"}}]}},"_links":{"self":[{"href":"https:\/\/utegestioncangas.com\/es\/wp-json\/wp\/v2\/posts\/2157","targetHints":{"allow":["GET"]}}],"collection":[{"href":"https:\/\/utegestioncangas.com\/es\/wp-json\/wp\/v2\/posts"}],"about":[{"href":"https:\/\/utegestioncangas.com\/es\/wp-json\/wp\/v2\/types\/post"}],"author":[{"embeddable":true,"href":"https:\/\/utegestioncangas.com\/es\/wp-json\/wp\/v2\/users\/5"}],"replies":[{"embeddable":true,"href":"https:\/\/utegestioncangas.com\/es\/wp-json\/wp\/v2\/comments?post=2157"}],"version-history":[{"count":0,"href":"https:\/\/utegestioncangas.com\/es\/wp-json\/wp\/v2\/posts\/2157\/revisions"}],"wp:featuredmedia":[{"embeddable":true,"href":"https:\/\/utegestioncangas.com\/es\/wp-json\/wp\/v2\/media\/2160"}],"wp:attachment":[{"href":"https:\/\/utegestioncangas.com\/es\/wp-json\/wp\/v2\/media?parent=2157"}],"wp:term":[{"taxonomy":"category","embeddable":true,"href":"https:\/\/utegestioncangas.com\/es\/wp-json\/wp\/v2\/categories?post=2157"},{"taxonomy":"post_tag","embeddable":true,"href":"https:\/\/utegestioncangas.com\/es\/wp-json\/wp\/v2\/tags?post=2157"}],"curies":[{"name":"wp","href":"https:\/\/api.w.org\/{rel}","templated":true}]}}