{"id":2233,"date":"2021-01-26T11:28:47","date_gmt":"2021-01-26T10:28:47","guid":{"rendered":"http:\/\/utegestioncangas.com\/pesar-por-el-fallecimiento-del-alcalde-xose-manuel-pazos\/"},"modified":"2021-01-26T11:28:47","modified_gmt":"2021-01-26T10:28:47","slug":"pesar-por-el-fallecimiento-del-alcalde-xose-manuel-pazos","status":"publish","type":"post","link":"https:\/\/utegestioncangas.com\/es\/pesar-por-el-fallecimiento-del-alcalde-xose-manuel-pazos\/","title":{"rendered":"Pesar por el fallecimiento del alcalde Xos\u00e9 Manuel Pazos"},"content":{"rendered":"<div class=\"page\" title=\"Page 1\">\n<div class=\"layoutArea\">\n<div class=\"column\">\n<p><strong>26.01.2021.<\/strong>\u00a0 UTE Gesti\u00f3n Cangas y todos y cada uno de sus trabajadores nos unimos al pesar por el fallecimiento del alcalde de Cangas, Xos\u00e9 Manuel Pazos. Sentimos la p\u00e9rdida de un incansable servidor p\u00fablico.<\/p>\n<p>Pazos, adem\u00e1s de alcalde era un trabajador m\u00e1s para y por el municipio, con una gran capacidad de di\u00e1logo y siempre comprometido con los vecinos y vecinas del Morrazo. Deja una profunda huella en el recuerdo de todos aquellos que tuvimos el honor de conocerlo y trabajar a su lado, en nuestro caso, gestionando la prestaci\u00f3n de los servicios municipales de abastecimiento y saneamiento de agua.<\/p>\n<p>Xos\u00e9 Manuel Pazos lleg\u00f3 a la alcald\u00eda de Cangas en junio de 2015, despu\u00e9s de ocupar varios cargos pol\u00edticos en el municipio desde 1995. Fue concejal de Cultura e Ensino en Cangas y diputado auton\u00f3mico. Tambi\u00e9n estuvo fuertemente vinculado al mundo de la cultura y, especialmente, del teatro, como actor, director, autor y traductor teatral, adem\u00e1s de estar comprometido con el bienestar de los ciudadanos y el desarrollo de medidas para la mejora de todo el Ayuntamiento de Cangas.<\/p>\n<p>El equipo de profesionales que trabajamos en UTE Gesti\u00f3n Cangas trasladamos nuestras condolencias nuestro pesar tras conocer tan triste noticia.<\/p>\n<\/div>\n<\/div>\n<\/div>\n","protected":false},"excerpt":{"rendered":"<p>UTE Gesti\u00f3n Cangas y todos y cada uno de sus trabajadores nos unimos al pesar por el fallecimiento del alcalde de Cangas, Xos\u00e9 Manuel Pazos. Sentimos la p\u00e9rdida de un incansable servidor p\u00fablico.<\/p>\n","protected":false},"author":5,"featured_media":2230,"comment_status":"closed","ping_status":"closed","sticky":false,"template":"","format":"standard","meta":{"_acf_changed":false,"_exactmetrics_skip_tracking":false,"_exactmetrics_sitenote_active":false,"_exactmetrics_sitenote_note":"","_exactmetrics_sitenote_category":0,"iawp_total_views":1,"footnotes":""},"categories":[40,49],"tags":[],"class_list":["post-2233","post","type-post","status-publish","format-standard","has-post-thumbnail","hentry","category-noticias","category-portada-es"],"acf":[],"yoast_head":"<!-- This site is optimized with the Yoast SEO plugin v24.5 - https:\/\/yoast.com\/wordpress\/plugins\/seo\/ -->\n<title>Pesar por el fallecimiento del alcalde Xos\u00e9 Manuel Pazos - UTE Gesti\u00f3n Cangas<\/title>\n<meta name=\"description\" content=\"UTE Gesti\u00f3n Cangas y todos y cada uno de sus trabajadores nos unimos al pesar por el fallecimiento del alcalde de Cangas, Xos\u00e9 Manuel Pazos.\" \/>\n<meta name=\"robots\" content=\"index, follow, max-snippet:-1, max-image-preview:large, max-video-preview:-1\" \/>\n<link rel=\"canonical\" href=\"https:\/\/utegestioncangas.com\/es\/pesar-por-el-fallecimiento-del-alcalde-xose-manuel-pazos\/\" \/>\n<meta property=\"og:locale\" content=\"es_ES\" \/>\n<meta property=\"og:type\" content=\"article\" \/>\n<meta property=\"og:title\" content=\"Pesar por el fallecimiento del alcalde Xos\u00e9 Manuel Pazos - UTE Gesti\u00f3n Cangas\" \/>\n<meta property=\"og:description\" content=\"UTE Gesti\u00f3n Cangas y todos y cada uno de sus trabajadores nos unimos al pesar por el fallecimiento del alcalde de Cangas, Xos\u00e9 Manuel Pazos.\" \/>\n<meta property=\"og:url\" content=\"https:\/\/utegestioncangas.com\/es\/pesar-por-el-fallecimiento-del-alcalde-xose-manuel-pazos\/\" \/>\n<meta property=\"og:site_name\" content=\"UTE Gesti\u00f3n Cangas\" \/>\n<meta property=\"article:published_time\" content=\"2021-01-26T10:28:47+00:00\" \/>\n<meta property=\"og:image\" content=\"https:\/\/utegestioncangas.com\/wp-content\/uploads\/2021\/01\/UTE_PAZ_08.jpg\" \/>\n\t<meta property=\"og:image:width\" content=\"1200\" \/>\n\t<meta property=\"og:image:height\" content=\"799\" \/>\n\t<meta property=\"og:image:type\" content=\"image\/jpeg\" \/>\n<meta name=\"author\" content=\"puntoga\" \/>\n<meta name=\"twitter:card\" content=\"summary_large_image\" \/>\n<meta name=\"twitter:label1\" content=\"Escrito por\" \/>\n\t<meta name=\"twitter:data1\" content=\"puntoga\" \/>\n\t<meta name=\"twitter:label2\" content=\"Tiempo de lectura\" \/>\n\t<meta name=\"twitter:data2\" content=\"1 minuto\" \/>\n<script type=\"application\/ld+json\" class=\"yoast-schema-graph\">{\"@context\":\"https:\/\/schema.org\",\"@graph\":[{\"@type\":\"Article\",\"@id\":\"https:\/\/utegestioncangas.com\/es\/pesar-por-el-fallecimiento-del-alcalde-xose-manuel-pazos\/#article\",\"isPartOf\":{\"@id\":\"https:\/\/utegestioncangas.com\/es\/pesar-por-el-fallecimiento-del-alcalde-xose-manuel-pazos\/\"},\"author\":{\"name\":\"puntoga\",\"@id\":\"https:\/\/utegestioncangas.com\/es\/#\/schema\/person\/8cd20ccc99da89d838d9240bff227855\"},\"headline\":\"Pesar por el fallecimiento del alcalde Xos\u00e9 Manuel Pazos\",\"datePublished\":\"2021-01-26T10:28:47+00:00\",\"mainEntityOfPage\":{\"@id\":\"https:\/\/utegestioncangas.com\/es\/pesar-por-el-fallecimiento-del-alcalde-xose-manuel-pazos\/\"},\"wordCount\":219,\"publisher\":{\"@id\":\"https:\/\/utegestioncangas.com\/es\/#organization\"},\"image\":{\"@id\":\"https:\/\/utegestioncangas.com\/es\/pesar-por-el-fallecimiento-del-alcalde-xose-manuel-pazos\/#primaryimage\"},\"thumbnailUrl\":\"https:\/\/utegestioncangas.com\/wp-content\/uploads\/2021\/01\/UTE_PAZ_08.jpg\",\"articleSection\":[\"Noticias\",\"Portada\"],\"inLanguage\":\"es\"},{\"@type\":\"WebPage\",\"@id\":\"https:\/\/utegestioncangas.com\/es\/pesar-por-el-fallecimiento-del-alcalde-xose-manuel-pazos\/\",\"url\":\"https:\/\/utegestioncangas.com\/es\/pesar-por-el-fallecimiento-del-alcalde-xose-manuel-pazos\/\",\"name\":\"Pesar por el fallecimiento del alcalde Xos\u00e9 Manuel Pazos - UTE Gesti\u00f3n Cangas\",\"isPartOf\":{\"@id\":\"https:\/\/utegestioncangas.com\/es\/#website\"},\"primaryImageOfPage\":{\"@id\":\"https:\/\/utegestioncangas.com\/es\/pesar-por-el-fallecimiento-del-alcalde-xose-manuel-pazos\/#primaryimage\"},\"image\":{\"@id\":\"https:\/\/utegestioncangas.com\/es\/pesar-por-el-fallecimiento-del-alcalde-xose-manuel-pazos\/#primaryimage\"},\"thumbnailUrl\":\"https:\/\/utegestioncangas.com\/wp-content\/uploads\/2021\/01\/UTE_PAZ_08.jpg\",\"datePublished\":\"2021-01-26T10:28:47+00:00\",\"description\":\"UTE Gesti\u00f3n Cangas y todos y cada uno de sus trabajadores nos unimos al pesar por el fallecimiento del alcalde de Cangas, Xos\u00e9 Manuel Pazos.\",\"breadcrumb\":{\"@id\":\"https:\/\/utegestioncangas.com\/es\/pesar-por-el-fallecimiento-del-alcalde-xose-manuel-pazos\/#breadcrumb\"},\"inLanguage\":\"es\",\"potentialAction\":[{\"@type\":\"ReadAction\",\"target\":[\"https:\/\/utegestioncangas.com\/es\/pesar-por-el-fallecimiento-del-alcalde-xose-manuel-pazos\/\"]}]},{\"@type\":\"ImageObject\",\"inLanguage\":\"es\",\"@id\":\"https:\/\/utegestioncangas.com\/es\/pesar-por-el-fallecimiento-del-alcalde-xose-manuel-pazos\/#primaryimage\",\"url\":\"https:\/\/utegestioncangas.com\/wp-content\/uploads\/2021\/01\/UTE_PAZ_08.jpg\",\"contentUrl\":\"https:\/\/utegestioncangas.com\/wp-content\/uploads\/2021\/01\/UTE_PAZ_08.jpg\",\"width\":1200,\"height\":799,\"caption\":\"CANGAS, 281020. XOSE MANUEL PAZOS, ALCALDE DE CANGAS, VISITA PROYECTO EDAR CANGAS\"},{\"@type\":\"BreadcrumbList\",\"@id\":\"https:\/\/utegestioncangas.com\/es\/pesar-por-el-fallecimiento-del-alcalde-xose-manuel-pazos\/#breadcrumb\",\"itemListElement\":[{\"@type\":\"ListItem\",\"position\":1,\"name\":\"Portada\",\"item\":\"https:\/\/utegestioncangas.com\/es\/\"},{\"@type\":\"ListItem\",\"position\":2,\"name\":\"Pesar por el fallecimiento del alcalde Xos\u00e9 Manuel Pazos\"}]},{\"@type\":\"WebSite\",\"@id\":\"https:\/\/utegestioncangas.com\/es\/#website\",\"url\":\"https:\/\/utegestioncangas.com\/es\/\",\"name\":\"UTE Gesti\u00f3n Cangas\",\"description\":\"UTE Gesti\u00f3n Cangas\",\"publisher\":{\"@id\":\"https:\/\/utegestioncangas.com\/es\/#organization\"},\"potentialAction\":[{\"@type\":\"SearchAction\",\"target\":{\"@type\":\"EntryPoint\",\"urlTemplate\":\"https:\/\/utegestioncangas.com\/es\/?s={search_term_string}\"},\"query-input\":{\"@type\":\"PropertyValueSpecification\",\"valueRequired\":true,\"valueName\":\"search_term_string\"}}],\"inLanguage\":\"es\"},{\"@type\":\"Organization\",\"@id\":\"https:\/\/utegestioncangas.com\/es\/#organization\",\"name\":\"UTE Gesti\u00f3n Cangas\",\"url\":\"https:\/\/utegestioncangas.com\/es\/\",\"logo\":{\"@type\":\"ImageObject\",\"inLanguage\":\"es\",\"@id\":\"https:\/\/utegestioncangas.com\/es\/#\/schema\/logo\/image\/\",\"url\":\"http:\/\/utegestioncangas.com\/wp-content\/uploads\/2019\/06\/ute-retina.png\",\"contentUrl\":\"http:\/\/utegestioncangas.com\/wp-content\/uploads\/2019\/06\/ute-retina.png\",\"width\":484,\"height\":100,\"caption\":\"UTE Gesti\u00f3n Cangas\"},\"image\":{\"@id\":\"https:\/\/utegestioncangas.com\/es\/#\/schema\/logo\/image\/\"}},{\"@type\":\"Person\",\"@id\":\"https:\/\/utegestioncangas.com\/es\/#\/schema\/person\/8cd20ccc99da89d838d9240bff227855\",\"name\":\"puntoga\",\"image\":{\"@type\":\"ImageObject\",\"inLanguage\":\"es\",\"@id\":\"https:\/\/utegestioncangas.com\/es\/#\/schema\/person\/image\/\",\"url\":\"https:\/\/secure.gravatar.com\/avatar\/9031bc093d28a3a5d7c7a1394a1c41a5?s=96&d=mm&r=g\",\"contentUrl\":\"https:\/\/secure.gravatar.com\/avatar\/9031bc093d28a3a5d7c7a1394a1c41a5?s=96&d=mm&r=g\",\"caption\":\"puntoga\"}}]}<\/script>\n<!-- \/ Yoast SEO plugin. -->","yoast_head_json":{"title":"Pesar por el fallecimiento del alcalde Xos\u00e9 Manuel Pazos - UTE Gesti\u00f3n Cangas","description":"UTE Gesti\u00f3n Cangas y todos y cada uno de sus trabajadores nos unimos al pesar por el fallecimiento del alcalde de Cangas, Xos\u00e9 Manuel Pazos.","robots":{"index":"index","follow":"follow","max-snippet":"max-snippet:-1","max-image-preview":"max-image-preview:large","max-video-preview":"max-video-preview:-1"},"canonical":"https:\/\/utegestioncangas.com\/es\/pesar-por-el-fallecimiento-del-alcalde-xose-manuel-pazos\/","og_locale":"es_ES","og_type":"article","og_title":"Pesar por el fallecimiento del alcalde Xos\u00e9 Manuel Pazos - UTE Gesti\u00f3n Cangas","og_description":"UTE Gesti\u00f3n Cangas y todos y cada uno de sus trabajadores nos unimos al pesar por el fallecimiento del alcalde de Cangas, Xos\u00e9 Manuel Pazos.","og_url":"https:\/\/utegestioncangas.com\/es\/pesar-por-el-fallecimiento-del-alcalde-xose-manuel-pazos\/","og_site_name":"UTE Gesti\u00f3n Cangas","article_published_time":"2021-01-26T10:28:47+00:00","og_image":[{"width":1200,"height":799,"url":"https:\/\/utegestioncangas.com\/wp-content\/uploads\/2021\/01\/UTE_PAZ_08.jpg","type":"image\/jpeg"}],"author":"puntoga","twitter_card":"summary_large_image","twitter_misc":{"Escrito por":"puntoga","Tiempo de lectura":"1 minuto"},"schema":{"@context":"https:\/\/schema.org","@graph":[{"@type":"Article","@id":"https:\/\/utegestioncangas.com\/es\/pesar-por-el-fallecimiento-del-alcalde-xose-manuel-pazos\/#article","isPartOf":{"@id":"https:\/\/utegestioncangas.com\/es\/pesar-por-el-fallecimiento-del-alcalde-xose-manuel-pazos\/"},"author":{"name":"puntoga","@id":"https:\/\/utegestioncangas.com\/es\/#\/schema\/person\/8cd20ccc99da89d838d9240bff227855"},"headline":"Pesar por el fallecimiento del alcalde Xos\u00e9 Manuel Pazos","datePublished":"2021-01-26T10:28:47+00:00","mainEntityOfPage":{"@id":"https:\/\/utegestioncangas.com\/es\/pesar-por-el-fallecimiento-del-alcalde-xose-manuel-pazos\/"},"wordCount":219,"publisher":{"@id":"https:\/\/utegestioncangas.com\/es\/#organization"},"image":{"@id":"https:\/\/utegestioncangas.com\/es\/pesar-por-el-fallecimiento-del-alcalde-xose-manuel-pazos\/#primaryimage"},"thumbnailUrl":"https:\/\/utegestioncangas.com\/wp-content\/uploads\/2021\/01\/UTE_PAZ_08.jpg","articleSection":["Noticias","Portada"],"inLanguage":"es"},{"@type":"WebPage","@id":"https:\/\/utegestioncangas.com\/es\/pesar-por-el-fallecimiento-del-alcalde-xose-manuel-pazos\/","url":"https:\/\/utegestioncangas.com\/es\/pesar-por-el-fallecimiento-del-alcalde-xose-manuel-pazos\/","name":"Pesar por el fallecimiento del alcalde Xos\u00e9 Manuel Pazos - UTE Gesti\u00f3n Cangas","isPartOf":{"@id":"https:\/\/utegestioncangas.com\/es\/#website"},"primaryImageOfPage":{"@id":"https:\/\/utegestioncangas.com\/es\/pesar-por-el-fallecimiento-del-alcalde-xose-manuel-pazos\/#primaryimage"},"image":{"@id":"https:\/\/utegestioncangas.com\/es\/pesar-por-el-fallecimiento-del-alcalde-xose-manuel-pazos\/#primaryimage"},"thumbnailUrl":"https:\/\/utegestioncangas.com\/wp-content\/uploads\/2021\/01\/UTE_PAZ_08.jpg","datePublished":"2021-01-26T10:28:47+00:00","description":"UTE Gesti\u00f3n Cangas y todos y cada uno de sus trabajadores nos unimos al pesar por el fallecimiento del alcalde de Cangas, Xos\u00e9 Manuel Pazos.","breadcrumb":{"@id":"https:\/\/utegestioncangas.com\/es\/pesar-por-el-fallecimiento-del-alcalde-xose-manuel-pazos\/#breadcrumb"},"inLanguage":"es","potentialAction":[{"@type":"ReadAction","target":["https:\/\/utegestioncangas.com\/es\/pesar-por-el-fallecimiento-del-alcalde-xose-manuel-pazos\/"]}]},{"@type":"ImageObject","inLanguage":"es","@id":"https:\/\/utegestioncangas.com\/es\/pesar-por-el-fallecimiento-del-alcalde-xose-manuel-pazos\/#primaryimage","url":"https:\/\/utegestioncangas.com\/wp-content\/uploads\/2021\/01\/UTE_PAZ_08.jpg","contentUrl":"https:\/\/utegestioncangas.com\/wp-content\/uploads\/2021\/01\/UTE_PAZ_08.jpg","width":1200,"height":799,"caption":"CANGAS, 281020. XOSE MANUEL PAZOS, ALCALDE DE CANGAS, VISITA PROYECTO EDAR CANGAS"},{"@type":"BreadcrumbList","@id":"https:\/\/utegestioncangas.com\/es\/pesar-por-el-fallecimiento-del-alcalde-xose-manuel-pazos\/#breadcrumb","itemListElement":[{"@type":"ListItem","position":1,"name":"Portada","item":"https:\/\/utegestioncangas.com\/es\/"},{"@type":"ListItem","position":2,"name":"Pesar por el fallecimiento del alcalde Xos\u00e9 Manuel Pazos"}]},{"@type":"WebSite","@id":"https:\/\/utegestioncangas.com\/es\/#website","url":"https:\/\/utegestioncangas.com\/es\/","name":"UTE Gesti\u00f3n Cangas","description":"UTE Gesti\u00f3n Cangas","publisher":{"@id":"https:\/\/utegestioncangas.com\/es\/#organization"},"potentialAction":[{"@type":"SearchAction","target":{"@type":"EntryPoint","urlTemplate":"https:\/\/utegestioncangas.com\/es\/?s={search_term_string}"},"query-input":{"@type":"PropertyValueSpecification","valueRequired":true,"valueName":"search_term_string"}}],"inLanguage":"es"},{"@type":"Organization","@id":"https:\/\/utegestioncangas.com\/es\/#organization","name":"UTE Gesti\u00f3n Cangas","url":"https:\/\/utegestioncangas.com\/es\/","logo":{"@type":"ImageObject","inLanguage":"es","@id":"https:\/\/utegestioncangas.com\/es\/#\/schema\/logo\/image\/","url":"http:\/\/utegestioncangas.com\/wp-content\/uploads\/2019\/06\/ute-retina.png","contentUrl":"http:\/\/utegestioncangas.com\/wp-content\/uploads\/2019\/06\/ute-retina.png","width":484,"height":100,"caption":"UTE Gesti\u00f3n Cangas"},"image":{"@id":"https:\/\/utegestioncangas.com\/es\/#\/schema\/logo\/image\/"}},{"@type":"Person","@id":"https:\/\/utegestioncangas.com\/es\/#\/schema\/person\/8cd20ccc99da89d838d9240bff227855","name":"puntoga","image":{"@type":"ImageObject","inLanguage":"es","@id":"https:\/\/utegestioncangas.com\/es\/#\/schema\/person\/image\/","url":"https:\/\/secure.gravatar.com\/avatar\/9031bc093d28a3a5d7c7a1394a1c41a5?s=96&d=mm&r=g","contentUrl":"https:\/\/secure.gravatar.com\/avatar\/9031bc093d28a3a5d7c7a1394a1c41a5?s=96&d=mm&r=g","caption":"puntoga"}}]}},"_links":{"self":[{"href":"https:\/\/utegestioncangas.com\/es\/wp-json\/wp\/v2\/posts\/2233","targetHints":{"allow":["GET"]}}],"collection":[{"href":"https:\/\/utegestioncangas.com\/es\/wp-json\/wp\/v2\/posts"}],"about":[{"href":"https:\/\/utegestioncangas.com\/es\/wp-json\/wp\/v2\/types\/post"}],"author":[{"embeddable":true,"href":"https:\/\/utegestioncangas.com\/es\/wp-json\/wp\/v2\/users\/5"}],"replies":[{"embeddable":true,"href":"https:\/\/utegestioncangas.com\/es\/wp-json\/wp\/v2\/comments?post=2233"}],"version-history":[{"count":0,"href":"https:\/\/utegestioncangas.com\/es\/wp-json\/wp\/v2\/posts\/2233\/revisions"}],"wp:featuredmedia":[{"embeddable":true,"href":"https:\/\/utegestioncangas.com\/es\/wp-json\/wp\/v2\/media\/2230"}],"wp:attachment":[{"href":"https:\/\/utegestioncangas.com\/es\/wp-json\/wp\/v2\/media?parent=2233"}],"wp:term":[{"taxonomy":"category","embeddable":true,"href":"https:\/\/utegestioncangas.com\/es\/wp-json\/wp\/v2\/categories?post=2233"},{"taxonomy":"post_tag","embeddable":true,"href":"https:\/\/utegestioncangas.com\/es\/wp-json\/wp\/v2\/tags?post=2233"}],"curies":[{"name":"wp","href":"https:\/\/api.w.org\/{rel}","templated":true}]}}