{"id":2463,"date":"2024-06-07T14:21:58","date_gmt":"2024-06-07T12:21:58","guid":{"rendered":"http:\/\/utegestioncangas.com\/?p=2463"},"modified":"2024-06-07T14:21:58","modified_gmt":"2024-06-07T12:21:58","slug":"sara-regueira-nueva-responsable-de-la-ute-gestion-cangas","status":"publish","type":"post","link":"https:\/\/utegestioncangas.com\/es\/sara-regueira-nueva-responsable-de-la-ute-gestion-cangas\/","title":{"rendered":"Sara Regueira nueva responsable de la UTE Gesti\u00f3n Cangas"},"content":{"rendered":"\t\t<div data-elementor-type=\"wp-post\" data-elementor-id=\"2463\" class=\"elementor elementor-2463 elementor-2462\">\n\t\t\t\t\t\t<section class=\"elementor-section elementor-top-section elementor-element elementor-element-25948a4 elementor-section-boxed elementor-section-height-default elementor-section-height-default\" data-id=\"25948a4\" data-element_type=\"section\" data-settings=\"{&quot;jet_parallax_layout_list&quot;:[]}\">\n\t\t\t\t\t\t<div class=\"elementor-container elementor-column-gap-default\">\n\t\t\t\t\t<div class=\"elementor-column elementor-col-100 elementor-top-column elementor-element elementor-element-3222e70\" data-id=\"3222e70\" data-element_type=\"column\">\n\t\t\t<div class=\"elementor-widget-wrap elementor-element-populated\">\n\t\t\t\t\t\t<div class=\"elementor-element elementor-element-c227597 elementor-widget elementor-widget-text-editor\" data-id=\"c227597\" data-element_type=\"widget\" data-widget_type=\"text-editor.default\">\n\t\t\t\t<div class=\"elementor-widget-container\">\n\t\t\t\t\t\t\t\t\t<p><strong>07.06.2024. <\/strong>Sara Regueira (Vigo, 1992) asume la responsabilidad de la UTE Gesti\u00f3n Cangas, relevando a Francisco Comesa\u00f1a, quien ha desempe\u00f1ado el cargo durante 14 a\u00f1os. Graduada en Ingenier\u00eda de Minas y Energ\u00edas con especializaci\u00f3n en recursos renovables, combustibles f\u00f3siles y explosivos por la Universidad de Vigo, Regueira ha trabajado como jefa de Servicio en Ribadavia (Ourense) y Monterroso (Lugo). Durante su trayectoria formativa tambi\u00e9n ha trabajado en Cangas y Moa\u00f1a o en localidades como Nigr\u00e1n y comarca de Louro.<\/p><p style=\"font-weight: 400;\"><strong>\u00bfCu\u00e1l es el proyecto para mejorar el servicio?<\/strong><\/p><p style=\"font-weight: 400;\">Tenemos un proyecto innovador para modernizar la infraestructura existente e implementar tecnolog\u00edas de gesti\u00f3n a distancia y monitorizaci\u00f3n de las redes e instalaciones. Trabajaremos en colaboraci\u00f3n con el Ayuntamiento de Cangas para invertir en la actualizaci\u00f3n de la infraestructura, reducir las p\u00e9rdidas y garantizar un suministro seguro, acompa\u00f1ado de campa\u00f1as educativas sobre el uso responsable del agua.<\/p><p style=\"font-weight: 400;\"><strong>Vienes de un puesto de responsabilidad en la gesti\u00f3n de aguas en Ribadavia y Monterroso, \u00bfes m\u00e1s complejo trabajar en un municipio con mar?<\/strong><\/p><p style=\"font-weight: 400;\">Cada municipio tiene sus propias peculiaridades. En mis anteriores puestos, gestionaba integralmente el ciclo del agua, desde la captaci\u00f3n, potabilizaci\u00f3n y distribuci\u00f3n hasta el saneamiento y depuraci\u00f3n. Para m\u00ed, la m\u00e1xima prioridad es el cuidado del medio ambiente y la calidad del agua que suministramos.<\/p><p style=\"font-weight: 400;\"><strong>\u00bfC\u00f3mo impacta en el servicio el fuerte aumento de poblaci\u00f3n en verano?<\/strong><\/p><p style=\"font-weight: 400;\">Hasta ahora nunca hemos tenido problemas de abastecimiento y no parece que este verano los vayamos a tener. Siempre promovemos el ahorro y uso racional del agua, no solo por escasez, sino por compromiso medioambiental. En verano la demanda y el consumo se duplican. Pero es en invierno, cuando las lluvias son intensas, que enfrentamos m\u00e1s problemas debido a la falta de una red alternativa de pluviales y estaciones de bombeo modernas.<\/p><p style=\"font-weight: 400;\"><strong>\u00bfCu\u00e1l es su prioridad?<\/strong><\/p><p style=\"font-weight: 400;\">Cumplir con nuestro contrato concesional al 100%, atender y cuidar a nuestros clientes y mantener una buena relaci\u00f3n con el ayuntamiento. Mi primer objetivo es finalizar la renovaci\u00f3n de las redes en Esp\u00edritu Santo y divulgar una campa\u00f1a para eliminar las infiltraciones de aguas pluviales en nuestra red de saneamiento.<\/p><p style=\"font-weight: 400;\"><strong>\u00bfPor qu\u00e9 es clave separar pluviales de residuales?<\/strong><\/p><p style=\"font-weight: 400;\">En \u00e9pocas de lluvia, la sobrecarga hidr\u00e1ulica en nuestra red de saneamiento aumenta. Esta situaci\u00f3n genera inconvenientes en la eficiencia del sistema, ya que los colectores no est\u00e1n dise\u00f1ados para soportar ese aumento en el caudal. Hemos propuesto resolver este problema, comenzando por el casco urbano, la zona m\u00e1s densa y tensionada de Cangas.<\/p><p style=\"font-weight: 400;\"><strong>\u00a0<\/strong><strong>\u00bfVa a reforzar el equipo?<\/strong><\/p><p style=\"font-weight: 400;\">Contamos con un excelente equipo de 12 profesionales, todos ellos vecinos de Cangas, que reforzamos con contratas de obras y apoyos para emergencias y aver\u00edas. Cangas puede sentirse orgullosa del equipo que cuida de servirles el agua.<\/p><p style=\"font-weight: 400;\"><strong>\u00bfEs un salto cualitativo el nuevo sistema de control de bombeos y aliviaderos?<\/strong><\/p><p style=\"font-weight: 400;\">Es espectacular, porque no solo nos permite ver en tiempo real c\u00f3mo funciona todo, sino que tambi\u00e9n nos permite anticiparnos ante cualquier inconveniente que pueda surgir.<\/p><p style=\"font-weight: 400;\"><strong>\u00bfC\u00f3mo te gustar\u00eda mejorar la relaci\u00f3n de la UTE Gesti\u00f3n Cangas con la comunidad de Cangas?<\/strong><\/p><p style=\"font-weight: 400;\">Con agua, buena agua y un buen servicio. Seguiremos potenciando la atenci\u00f3n al cliente y lanzaremos programas pedag\u00f3gicos para valorar el agua, su calidad y el cuidado medioambiental. Trabajaremos en colaboraci\u00f3n con el ayuntamiento, asociaciones de vecinos y pescadores para solucionar la problem\u00e1tica de las infiltraciones de pluviales en nuestra red de saneamiento.<\/p><p style=\"font-weight: 400;\">En la imagen, Sara Regueira en las oficinas de la UTE Gesti\u00f3n Cangas. FOTO: Punto GA \/ M. Riopa<\/p>\t\t\t\t\t\t\t\t<\/div>\n\t\t\t\t<\/div>\n\t\t\t\t\t<\/div>\n\t\t<\/div>\n\t\t\t\t\t<\/div>\n\t\t<\/section>\n\t\t\t\t<\/div>\n\t\t","protected":false},"excerpt":{"rendered":"<p>La nueva responsable ha trabajado como jefa de Servicio en Ribadavia (Ourense) y Monterroso (Lugo)<\/p>\n","protected":false},"author":5,"featured_media":2470,"comment_status":"closed","ping_status":"closed","sticky":false,"template":"","format":"standard","meta":{"_acf_changed":false,"_exactmetrics_skip_tracking":false,"_exactmetrics_sitenote_active":false,"_exactmetrics_sitenote_note":"","_exactmetrics_sitenote_category":0,"iawp_total_views":48,"footnotes":""},"categories":[40,49],"tags":[],"class_list":["post-2463","post","type-post","status-publish","format-standard","has-post-thumbnail","hentry","category-noticias","category-portada-es"],"acf":[],"yoast_head":"<!-- This site is optimized with the Yoast SEO plugin v24.5 - https:\/\/yoast.com\/wordpress\/plugins\/seo\/ -->\n<title>Sara Regueira nueva responsable de la UTE Gesti\u00f3n Cangas - UTE Gesti\u00f3n Cangas<\/title>\n<meta name=\"description\" content=\"La nueva responsable ha trabajado como jefa de Servicio en Ribadavia (Ourense) y Monterroso (Lugo).\" \/>\n<meta name=\"robots\" content=\"index, follow, max-snippet:-1, max-image-preview:large, max-video-preview:-1\" \/>\n<link rel=\"canonical\" href=\"https:\/\/utegestioncangas.com\/es\/sara-regueira-nueva-responsable-de-la-ute-gestion-cangas\/\" \/>\n<meta property=\"og:locale\" content=\"es_ES\" \/>\n<meta property=\"og:type\" content=\"article\" \/>\n<meta property=\"og:title\" content=\"Sara Regueira nueva responsable de la UTE Gesti\u00f3n Cangas - UTE Gesti\u00f3n Cangas\" \/>\n<meta property=\"og:description\" content=\"La nueva responsable ha trabajado como jefa de Servicio en Ribadavia (Ourense) y Monterroso (Lugo).\" \/>\n<meta property=\"og:url\" content=\"https:\/\/utegestioncangas.com\/es\/sara-regueira-nueva-responsable-de-la-ute-gestion-cangas\/\" \/>\n<meta property=\"og:site_name\" content=\"UTE Gesti\u00f3n Cangas\" \/>\n<meta property=\"article:published_time\" content=\"2024-06-07T12:21:58+00:00\" \/>\n<meta property=\"og:image\" content=\"https:\/\/utegestioncangas.com\/wp-content\/uploads\/2024\/06\/UTE_SREG_001-scaled-e1717764542786.jpg\" \/>\n\t<meta property=\"og:image:width\" content=\"1200\" \/>\n\t<meta property=\"og:image:height\" content=\"800\" \/>\n\t<meta property=\"og:image:type\" content=\"image\/jpeg\" \/>\n<meta name=\"author\" content=\"puntoga\" \/>\n<meta name=\"twitter:card\" content=\"summary_large_image\" \/>\n<meta name=\"twitter:label1\" content=\"Escrito por\" \/>\n\t<meta name=\"twitter:data1\" content=\"puntoga\" \/>\n\t<meta name=\"twitter:label2\" content=\"Tiempo de lectura\" \/>\n\t<meta name=\"twitter:data2\" content=\"4 minutos\" \/>\n<script type=\"application\/ld+json\" class=\"yoast-schema-graph\">{\"@context\":\"https:\/\/schema.org\",\"@graph\":[{\"@type\":\"Article\",\"@id\":\"https:\/\/utegestioncangas.com\/es\/sara-regueira-nueva-responsable-de-la-ute-gestion-cangas\/#article\",\"isPartOf\":{\"@id\":\"https:\/\/utegestioncangas.com\/es\/sara-regueira-nueva-responsable-de-la-ute-gestion-cangas\/\"},\"author\":{\"name\":\"puntoga\",\"@id\":\"https:\/\/utegestioncangas.com\/es\/#\/schema\/person\/8cd20ccc99da89d838d9240bff227855\"},\"headline\":\"Sara Regueira nueva responsable de la UTE Gesti\u00f3n Cangas\",\"datePublished\":\"2024-06-07T12:21:58+00:00\",\"mainEntityOfPage\":{\"@id\":\"https:\/\/utegestioncangas.com\/es\/sara-regueira-nueva-responsable-de-la-ute-gestion-cangas\/\"},\"wordCount\":638,\"publisher\":{\"@id\":\"https:\/\/utegestioncangas.com\/es\/#organization\"},\"image\":{\"@id\":\"https:\/\/utegestioncangas.com\/es\/sara-regueira-nueva-responsable-de-la-ute-gestion-cangas\/#primaryimage\"},\"thumbnailUrl\":\"https:\/\/utegestioncangas.com\/wp-content\/uploads\/2024\/06\/UTE_SREG_001-scaled-e1717764542786.jpg\",\"articleSection\":[\"Noticias\",\"Portada\"],\"inLanguage\":\"es\"},{\"@type\":\"WebPage\",\"@id\":\"https:\/\/utegestioncangas.com\/es\/sara-regueira-nueva-responsable-de-la-ute-gestion-cangas\/\",\"url\":\"https:\/\/utegestioncangas.com\/es\/sara-regueira-nueva-responsable-de-la-ute-gestion-cangas\/\",\"name\":\"Sara Regueira nueva responsable de la UTE Gesti\u00f3n Cangas - UTE Gesti\u00f3n Cangas\",\"isPartOf\":{\"@id\":\"https:\/\/utegestioncangas.com\/es\/#website\"},\"primaryImageOfPage\":{\"@id\":\"https:\/\/utegestioncangas.com\/es\/sara-regueira-nueva-responsable-de-la-ute-gestion-cangas\/#primaryimage\"},\"image\":{\"@id\":\"https:\/\/utegestioncangas.com\/es\/sara-regueira-nueva-responsable-de-la-ute-gestion-cangas\/#primaryimage\"},\"thumbnailUrl\":\"https:\/\/utegestioncangas.com\/wp-content\/uploads\/2024\/06\/UTE_SREG_001-scaled-e1717764542786.jpg\",\"datePublished\":\"2024-06-07T12:21:58+00:00\",\"description\":\"La nueva responsable ha trabajado como jefa de Servicio en Ribadavia (Ourense) y Monterroso (Lugo).\",\"breadcrumb\":{\"@id\":\"https:\/\/utegestioncangas.com\/es\/sara-regueira-nueva-responsable-de-la-ute-gestion-cangas\/#breadcrumb\"},\"inLanguage\":\"es\",\"potentialAction\":[{\"@type\":\"ReadAction\",\"target\":[\"https:\/\/utegestioncangas.com\/es\/sara-regueira-nueva-responsable-de-la-ute-gestion-cangas\/\"]}]},{\"@type\":\"ImageObject\",\"inLanguage\":\"es\",\"@id\":\"https:\/\/utegestioncangas.com\/es\/sara-regueira-nueva-responsable-de-la-ute-gestion-cangas\/#primaryimage\",\"url\":\"https:\/\/utegestioncangas.com\/wp-content\/uploads\/2024\/06\/UTE_SREG_001-scaled-e1717764542786.jpg\",\"contentUrl\":\"https:\/\/utegestioncangas.com\/wp-content\/uploads\/2024\/06\/UTE_SREG_001-scaled-e1717764542786.jpg\",\"width\":1200,\"height\":800,\"caption\":\"CANGAS, 240524. SARA REGUEIRO, JEFE SERVICIO UTE GESTION CANGAS\"},{\"@type\":\"BreadcrumbList\",\"@id\":\"https:\/\/utegestioncangas.com\/es\/sara-regueira-nueva-responsable-de-la-ute-gestion-cangas\/#breadcrumb\",\"itemListElement\":[{\"@type\":\"ListItem\",\"position\":1,\"name\":\"Portada\",\"item\":\"https:\/\/utegestioncangas.com\/es\/\"},{\"@type\":\"ListItem\",\"position\":2,\"name\":\"Sara Regueira nueva responsable de la UTE Gesti\u00f3n Cangas\"}]},{\"@type\":\"WebSite\",\"@id\":\"https:\/\/utegestioncangas.com\/es\/#website\",\"url\":\"https:\/\/utegestioncangas.com\/es\/\",\"name\":\"UTE Gesti\u00f3n Cangas\",\"description\":\"UTE Gesti\u00f3n Cangas\",\"publisher\":{\"@id\":\"https:\/\/utegestioncangas.com\/es\/#organization\"},\"potentialAction\":[{\"@type\":\"SearchAction\",\"target\":{\"@type\":\"EntryPoint\",\"urlTemplate\":\"https:\/\/utegestioncangas.com\/es\/?s={search_term_string}\"},\"query-input\":{\"@type\":\"PropertyValueSpecification\",\"valueRequired\":true,\"valueName\":\"search_term_string\"}}],\"inLanguage\":\"es\"},{\"@type\":\"Organization\",\"@id\":\"https:\/\/utegestioncangas.com\/es\/#organization\",\"name\":\"UTE Gesti\u00f3n Cangas\",\"url\":\"https:\/\/utegestioncangas.com\/es\/\",\"logo\":{\"@type\":\"ImageObject\",\"inLanguage\":\"es\",\"@id\":\"https:\/\/utegestioncangas.com\/es\/#\/schema\/logo\/image\/\",\"url\":\"http:\/\/utegestioncangas.com\/wp-content\/uploads\/2019\/06\/ute-retina.png\",\"contentUrl\":\"http:\/\/utegestioncangas.com\/wp-content\/uploads\/2019\/06\/ute-retina.png\",\"width\":484,\"height\":100,\"caption\":\"UTE Gesti\u00f3n Cangas\"},\"image\":{\"@id\":\"https:\/\/utegestioncangas.com\/es\/#\/schema\/logo\/image\/\"}},{\"@type\":\"Person\",\"@id\":\"https:\/\/utegestioncangas.com\/es\/#\/schema\/person\/8cd20ccc99da89d838d9240bff227855\",\"name\":\"puntoga\",\"image\":{\"@type\":\"ImageObject\",\"inLanguage\":\"es\",\"@id\":\"https:\/\/utegestioncangas.com\/es\/#\/schema\/person\/image\/\",\"url\":\"https:\/\/secure.gravatar.com\/avatar\/9031bc093d28a3a5d7c7a1394a1c41a5?s=96&d=mm&r=g\",\"contentUrl\":\"https:\/\/secure.gravatar.com\/avatar\/9031bc093d28a3a5d7c7a1394a1c41a5?s=96&d=mm&r=g\",\"caption\":\"puntoga\"}}]}<\/script>\n<!-- \/ Yoast SEO plugin. -->","yoast_head_json":{"title":"Sara Regueira nueva responsable de la UTE Gesti\u00f3n Cangas - UTE Gesti\u00f3n Cangas","description":"La nueva responsable ha trabajado como jefa de Servicio en Ribadavia (Ourense) y Monterroso (Lugo).","robots":{"index":"index","follow":"follow","max-snippet":"max-snippet:-1","max-image-preview":"max-image-preview:large","max-video-preview":"max-video-preview:-1"},"canonical":"https:\/\/utegestioncangas.com\/es\/sara-regueira-nueva-responsable-de-la-ute-gestion-cangas\/","og_locale":"es_ES","og_type":"article","og_title":"Sara Regueira nueva responsable de la UTE Gesti\u00f3n Cangas - UTE Gesti\u00f3n Cangas","og_description":"La nueva responsable ha trabajado como jefa de Servicio en Ribadavia (Ourense) y Monterroso (Lugo).","og_url":"https:\/\/utegestioncangas.com\/es\/sara-regueira-nueva-responsable-de-la-ute-gestion-cangas\/","og_site_name":"UTE Gesti\u00f3n Cangas","article_published_time":"2024-06-07T12:21:58+00:00","og_image":[{"width":1200,"height":800,"url":"https:\/\/utegestioncangas.com\/wp-content\/uploads\/2024\/06\/UTE_SREG_001-scaled-e1717764542786.jpg","type":"image\/jpeg"}],"author":"puntoga","twitter_card":"summary_large_image","twitter_misc":{"Escrito por":"puntoga","Tiempo de lectura":"4 minutos"},"schema":{"@context":"https:\/\/schema.org","@graph":[{"@type":"Article","@id":"https:\/\/utegestioncangas.com\/es\/sara-regueira-nueva-responsable-de-la-ute-gestion-cangas\/#article","isPartOf":{"@id":"https:\/\/utegestioncangas.com\/es\/sara-regueira-nueva-responsable-de-la-ute-gestion-cangas\/"},"author":{"name":"puntoga","@id":"https:\/\/utegestioncangas.com\/es\/#\/schema\/person\/8cd20ccc99da89d838d9240bff227855"},"headline":"Sara Regueira nueva responsable de la UTE Gesti\u00f3n Cangas","datePublished":"2024-06-07T12:21:58+00:00","mainEntityOfPage":{"@id":"https:\/\/utegestioncangas.com\/es\/sara-regueira-nueva-responsable-de-la-ute-gestion-cangas\/"},"wordCount":638,"publisher":{"@id":"https:\/\/utegestioncangas.com\/es\/#organization"},"image":{"@id":"https:\/\/utegestioncangas.com\/es\/sara-regueira-nueva-responsable-de-la-ute-gestion-cangas\/#primaryimage"},"thumbnailUrl":"https:\/\/utegestioncangas.com\/wp-content\/uploads\/2024\/06\/UTE_SREG_001-scaled-e1717764542786.jpg","articleSection":["Noticias","Portada"],"inLanguage":"es"},{"@type":"WebPage","@id":"https:\/\/utegestioncangas.com\/es\/sara-regueira-nueva-responsable-de-la-ute-gestion-cangas\/","url":"https:\/\/utegestioncangas.com\/es\/sara-regueira-nueva-responsable-de-la-ute-gestion-cangas\/","name":"Sara Regueira nueva responsable de la UTE Gesti\u00f3n Cangas - UTE Gesti\u00f3n Cangas","isPartOf":{"@id":"https:\/\/utegestioncangas.com\/es\/#website"},"primaryImageOfPage":{"@id":"https:\/\/utegestioncangas.com\/es\/sara-regueira-nueva-responsable-de-la-ute-gestion-cangas\/#primaryimage"},"image":{"@id":"https:\/\/utegestioncangas.com\/es\/sara-regueira-nueva-responsable-de-la-ute-gestion-cangas\/#primaryimage"},"thumbnailUrl":"https:\/\/utegestioncangas.com\/wp-content\/uploads\/2024\/06\/UTE_SREG_001-scaled-e1717764542786.jpg","datePublished":"2024-06-07T12:21:58+00:00","description":"La nueva responsable ha trabajado como jefa de Servicio en Ribadavia (Ourense) y Monterroso (Lugo).","breadcrumb":{"@id":"https:\/\/utegestioncangas.com\/es\/sara-regueira-nueva-responsable-de-la-ute-gestion-cangas\/#breadcrumb"},"inLanguage":"es","potentialAction":[{"@type":"ReadAction","target":["https:\/\/utegestioncangas.com\/es\/sara-regueira-nueva-responsable-de-la-ute-gestion-cangas\/"]}]},{"@type":"ImageObject","inLanguage":"es","@id":"https:\/\/utegestioncangas.com\/es\/sara-regueira-nueva-responsable-de-la-ute-gestion-cangas\/#primaryimage","url":"https:\/\/utegestioncangas.com\/wp-content\/uploads\/2024\/06\/UTE_SREG_001-scaled-e1717764542786.jpg","contentUrl":"https:\/\/utegestioncangas.com\/wp-content\/uploads\/2024\/06\/UTE_SREG_001-scaled-e1717764542786.jpg","width":1200,"height":800,"caption":"CANGAS, 240524. SARA REGUEIRO, JEFE SERVICIO UTE GESTION CANGAS"},{"@type":"BreadcrumbList","@id":"https:\/\/utegestioncangas.com\/es\/sara-regueira-nueva-responsable-de-la-ute-gestion-cangas\/#breadcrumb","itemListElement":[{"@type":"ListItem","position":1,"name":"Portada","item":"https:\/\/utegestioncangas.com\/es\/"},{"@type":"ListItem","position":2,"name":"Sara Regueira nueva responsable de la UTE Gesti\u00f3n Cangas"}]},{"@type":"WebSite","@id":"https:\/\/utegestioncangas.com\/es\/#website","url":"https:\/\/utegestioncangas.com\/es\/","name":"UTE Gesti\u00f3n Cangas","description":"UTE Gesti\u00f3n Cangas","publisher":{"@id":"https:\/\/utegestioncangas.com\/es\/#organization"},"potentialAction":[{"@type":"SearchAction","target":{"@type":"EntryPoint","urlTemplate":"https:\/\/utegestioncangas.com\/es\/?s={search_term_string}"},"query-input":{"@type":"PropertyValueSpecification","valueRequired":true,"valueName":"search_term_string"}}],"inLanguage":"es"},{"@type":"Organization","@id":"https:\/\/utegestioncangas.com\/es\/#organization","name":"UTE Gesti\u00f3n Cangas","url":"https:\/\/utegestioncangas.com\/es\/","logo":{"@type":"ImageObject","inLanguage":"es","@id":"https:\/\/utegestioncangas.com\/es\/#\/schema\/logo\/image\/","url":"http:\/\/utegestioncangas.com\/wp-content\/uploads\/2019\/06\/ute-retina.png","contentUrl":"http:\/\/utegestioncangas.com\/wp-content\/uploads\/2019\/06\/ute-retina.png","width":484,"height":100,"caption":"UTE Gesti\u00f3n Cangas"},"image":{"@id":"https:\/\/utegestioncangas.com\/es\/#\/schema\/logo\/image\/"}},{"@type":"Person","@id":"https:\/\/utegestioncangas.com\/es\/#\/schema\/person\/8cd20ccc99da89d838d9240bff227855","name":"puntoga","image":{"@type":"ImageObject","inLanguage":"es","@id":"https:\/\/utegestioncangas.com\/es\/#\/schema\/person\/image\/","url":"https:\/\/secure.gravatar.com\/avatar\/9031bc093d28a3a5d7c7a1394a1c41a5?s=96&d=mm&r=g","contentUrl":"https:\/\/secure.gravatar.com\/avatar\/9031bc093d28a3a5d7c7a1394a1c41a5?s=96&d=mm&r=g","caption":"puntoga"}}]}},"_links":{"self":[{"href":"https:\/\/utegestioncangas.com\/es\/wp-json\/wp\/v2\/posts\/2463","targetHints":{"allow":["GET"]}}],"collection":[{"href":"https:\/\/utegestioncangas.com\/es\/wp-json\/wp\/v2\/posts"}],"about":[{"href":"https:\/\/utegestioncangas.com\/es\/wp-json\/wp\/v2\/types\/post"}],"author":[{"embeddable":true,"href":"https:\/\/utegestioncangas.com\/es\/wp-json\/wp\/v2\/users\/5"}],"replies":[{"embeddable":true,"href":"https:\/\/utegestioncangas.com\/es\/wp-json\/wp\/v2\/comments?post=2463"}],"version-history":[{"count":0,"href":"https:\/\/utegestioncangas.com\/es\/wp-json\/wp\/v2\/posts\/2463\/revisions"}],"wp:featuredmedia":[{"embeddable":true,"href":"https:\/\/utegestioncangas.com\/es\/wp-json\/wp\/v2\/media\/2470"}],"wp:attachment":[{"href":"https:\/\/utegestioncangas.com\/es\/wp-json\/wp\/v2\/media?parent=2463"}],"wp:term":[{"taxonomy":"category","embeddable":true,"href":"https:\/\/utegestioncangas.com\/es\/wp-json\/wp\/v2\/categories?post=2463"},{"taxonomy":"post_tag","embeddable":true,"href":"https:\/\/utegestioncangas.com\/es\/wp-json\/wp\/v2\/tags?post=2463"}],"curies":[{"name":"wp","href":"https:\/\/api.w.org\/{rel}","templated":true}]}}