{"id":2508,"date":"2024-07-05T11:58:04","date_gmt":"2024-07-05T09:58:04","guid":{"rendered":"http:\/\/utegestioncangas.com\/?p=2508"},"modified":"2024-07-05T12:03:35","modified_gmt":"2024-07-05T10:03:35","slug":"nuevo-anteproyecto-para-la-separacion-de-pluviales-en-cangas","status":"publish","type":"post","link":"https:\/\/utegestioncangas.com\/es\/nuevo-anteproyecto-para-la-separacion-de-pluviales-en-cangas\/","title":{"rendered":"Nuevo anteproyecto para la separaci\u00f3n de pluviales en Cangas"},"content":{"rendered":"\t\t<div data-elementor-type=\"wp-post\" data-elementor-id=\"2508\" class=\"elementor elementor-2508 elementor-2507\">\n\t\t\t\t\t\t<section class=\"elementor-section elementor-top-section elementor-element elementor-element-25948a4 elementor-section-boxed elementor-section-height-default elementor-section-height-default\" data-id=\"25948a4\" data-element_type=\"section\" data-settings=\"{&quot;jet_parallax_layout_list&quot;:[]}\">\n\t\t\t\t\t\t<div class=\"elementor-container elementor-column-gap-default\">\n\t\t\t\t\t<div class=\"elementor-column elementor-col-100 elementor-top-column elementor-element elementor-element-3222e70\" data-id=\"3222e70\" data-element_type=\"column\">\n\t\t\t<div class=\"elementor-widget-wrap elementor-element-populated\">\n\t\t\t\t\t\t<div class=\"elementor-element elementor-element-c227597 elementor-widget elementor-widget-text-editor\" data-id=\"c227597\" data-element_type=\"widget\" data-widget_type=\"text-editor.default\">\n\t\t\t\t<div class=\"elementor-widget-container\">\n\t\t\t\t\t\t\t\t\t<strong>05.07.2024. <\/strong>El Concello de Cangas ha encargado a la UTE Gesti\u00f3n Cangas la redacci\u00f3n del anteproyecto de separaci\u00f3n de pluviales para las calles Alexandre Cribeiro y Avenida de Bueu.\nLa entrada de aguas pluviales en la red de saneamiento est\u00e1 causando un aumento significativo en los vol\u00famenes que deben ser tratados en la Estaci\u00f3n Depuradora de Aguas Residuales (EDAR). Las intensas lluvias recientes han sobrecargado nuestro sistema de saneamiento, lo que provoca ineficiencias y representa un riesgo de vertidos, con consecuencias ambientales negativas, debido a la capacidad limitada de las instalaciones para manejar todo el flujo de agua de manera eficiente\nLas obras se realizar\u00e1n con cargo al Plan de Inversiones estipulado en el contrato con la UTE Gesti\u00f3n Cangas.\n<p style=\"font-weight: 400;\"><strong>En la imagen, la Avenida de Bueu. Punto GA | M. Riopa<\/strong><\/p>\t\t\t\t\t\t\t\t<\/div>\n\t\t\t\t<\/div>\n\t\t\t\t\t<\/div>\n\t\t<\/div>\n\t\t\t\t\t<\/div>\n\t\t<\/section>\n\t\t\t\t<\/div>\n\t\t","protected":false},"excerpt":{"rendered":"<p>El Concello ha encargado a la concesionaria la redacci\u00f3n del anteproyecto de separaci\u00f3n de pluviales para las calles Alexandre Cribeiro y Avenida de Bueu.<\/p>\n","protected":false},"author":5,"featured_media":2510,"comment_status":"closed","ping_status":"closed","sticky":false,"template":"","format":"standard","meta":{"_acf_changed":false,"_exactmetrics_skip_tracking":false,"_exactmetrics_sitenote_active":false,"_exactmetrics_sitenote_note":"","_exactmetrics_sitenote_category":0,"iawp_total_views":5,"footnotes":""},"categories":[40,49],"tags":[],"class_list":["post-2508","post","type-post","status-publish","format-standard","has-post-thumbnail","hentry","category-noticias","category-portada-es"],"acf":[],"yoast_head":"<!-- This site is optimized with the Yoast SEO plugin v24.5 - https:\/\/yoast.com\/wordpress\/plugins\/seo\/ -->\n<title>Nuevo anteproyecto para la separaci\u00f3n de pluviales en Cangas - UTE Gesti\u00f3n Cangas<\/title>\n<meta name=\"description\" content=\"El Concello de Cangas ha encargado a la UTE Gesti\u00f3n Cangas la redacci\u00f3n del anteproyecto de separaci\u00f3n de pluviales para las calles Alexandre Cribeiro y Avenida de Bueu.\" \/>\n<meta name=\"robots\" content=\"index, follow, max-snippet:-1, max-image-preview:large, max-video-preview:-1\" \/>\n<link rel=\"canonical\" href=\"https:\/\/utegestioncangas.com\/es\/nuevo-anteproyecto-para-la-separacion-de-pluviales-en-cangas\/\" \/>\n<meta property=\"og:locale\" content=\"es_ES\" \/>\n<meta property=\"og:type\" content=\"article\" \/>\n<meta property=\"og:title\" content=\"Nuevo anteproyecto para la separaci\u00f3n de pluviales en Cangas - UTE Gesti\u00f3n Cangas\" \/>\n<meta property=\"og:description\" content=\"El Concello de Cangas ha encargado a la UTE Gesti\u00f3n Cangas la redacci\u00f3n del anteproyecto de separaci\u00f3n de pluviales para las calles Alexandre Cribeiro y Avenida de Bueu.\" \/>\n<meta property=\"og:url\" content=\"https:\/\/utegestioncangas.com\/es\/nuevo-anteproyecto-para-la-separacion-de-pluviales-en-cangas\/\" \/>\n<meta property=\"og:site_name\" content=\"UTE Gesti\u00f3n Cangas\" \/>\n<meta property=\"article:published_time\" content=\"2024-07-05T09:58:04+00:00\" \/>\n<meta property=\"article:modified_time\" content=\"2024-07-05T10:03:35+00:00\" \/>\n<meta property=\"og:image\" content=\"https:\/\/utegestioncangas.com\/wp-content\/uploads\/2024\/07\/UTE_AVBUEU_003-scaled-e1720173806577.jpg\" \/>\n\t<meta property=\"og:image:width\" content=\"1194\" \/>\n\t<meta property=\"og:image:height\" content=\"636\" \/>\n\t<meta property=\"og:image:type\" content=\"image\/jpeg\" \/>\n<meta name=\"author\" content=\"puntoga\" \/>\n<meta name=\"twitter:card\" content=\"summary_large_image\" \/>\n<meta name=\"twitter:label1\" content=\"Escrito por\" \/>\n\t<meta name=\"twitter:data1\" content=\"puntoga\" \/>\n\t<meta name=\"twitter:label2\" content=\"Tiempo de lectura\" \/>\n\t<meta name=\"twitter:data2\" content=\"1 minuto\" \/>\n<script type=\"application\/ld+json\" class=\"yoast-schema-graph\">{\"@context\":\"https:\/\/schema.org\",\"@graph\":[{\"@type\":\"Article\",\"@id\":\"https:\/\/utegestioncangas.com\/es\/nuevo-anteproyecto-para-la-separacion-de-pluviales-en-cangas\/#article\",\"isPartOf\":{\"@id\":\"https:\/\/utegestioncangas.com\/es\/nuevo-anteproyecto-para-la-separacion-de-pluviales-en-cangas\/\"},\"author\":{\"name\":\"puntoga\",\"@id\":\"https:\/\/utegestioncangas.com\/es\/#\/schema\/person\/8cd20ccc99da89d838d9240bff227855\"},\"headline\":\"Nuevo anteproyecto para la separaci\u00f3n de pluviales en Cangas\",\"datePublished\":\"2024-07-05T09:58:04+00:00\",\"dateModified\":\"2024-07-05T10:03:35+00:00\",\"mainEntityOfPage\":{\"@id\":\"https:\/\/utegestioncangas.com\/es\/nuevo-anteproyecto-para-la-separacion-de-pluviales-en-cangas\/\"},\"wordCount\":147,\"publisher\":{\"@id\":\"https:\/\/utegestioncangas.com\/es\/#organization\"},\"image\":{\"@id\":\"https:\/\/utegestioncangas.com\/es\/nuevo-anteproyecto-para-la-separacion-de-pluviales-en-cangas\/#primaryimage\"},\"thumbnailUrl\":\"https:\/\/utegestioncangas.com\/wp-content\/uploads\/2024\/07\/UTE_AVBUEU_003-scaled-e1720173806577.jpg\",\"articleSection\":[\"Noticias\",\"Portada\"],\"inLanguage\":\"es\"},{\"@type\":\"WebPage\",\"@id\":\"https:\/\/utegestioncangas.com\/es\/nuevo-anteproyecto-para-la-separacion-de-pluviales-en-cangas\/\",\"url\":\"https:\/\/utegestioncangas.com\/es\/nuevo-anteproyecto-para-la-separacion-de-pluviales-en-cangas\/\",\"name\":\"Nuevo anteproyecto para la separaci\u00f3n de pluviales en Cangas - UTE Gesti\u00f3n Cangas\",\"isPartOf\":{\"@id\":\"https:\/\/utegestioncangas.com\/es\/#website\"},\"primaryImageOfPage\":{\"@id\":\"https:\/\/utegestioncangas.com\/es\/nuevo-anteproyecto-para-la-separacion-de-pluviales-en-cangas\/#primaryimage\"},\"image\":{\"@id\":\"https:\/\/utegestioncangas.com\/es\/nuevo-anteproyecto-para-la-separacion-de-pluviales-en-cangas\/#primaryimage\"},\"thumbnailUrl\":\"https:\/\/utegestioncangas.com\/wp-content\/uploads\/2024\/07\/UTE_AVBUEU_003-scaled-e1720173806577.jpg\",\"datePublished\":\"2024-07-05T09:58:04+00:00\",\"dateModified\":\"2024-07-05T10:03:35+00:00\",\"description\":\"El Concello de Cangas ha encargado a la UTE Gesti\u00f3n Cangas la redacci\u00f3n del anteproyecto de separaci\u00f3n de pluviales para las calles Alexandre Cribeiro y Avenida de Bueu.\",\"breadcrumb\":{\"@id\":\"https:\/\/utegestioncangas.com\/es\/nuevo-anteproyecto-para-la-separacion-de-pluviales-en-cangas\/#breadcrumb\"},\"inLanguage\":\"es\",\"potentialAction\":[{\"@type\":\"ReadAction\",\"target\":[\"https:\/\/utegestioncangas.com\/es\/nuevo-anteproyecto-para-la-separacion-de-pluviales-en-cangas\/\"]}]},{\"@type\":\"ImageObject\",\"inLanguage\":\"es\",\"@id\":\"https:\/\/utegestioncangas.com\/es\/nuevo-anteproyecto-para-la-separacion-de-pluviales-en-cangas\/#primaryimage\",\"url\":\"https:\/\/utegestioncangas.com\/wp-content\/uploads\/2024\/07\/UTE_AVBUEU_003-scaled-e1720173806577.jpg\",\"contentUrl\":\"https:\/\/utegestioncangas.com\/wp-content\/uploads\/2024\/07\/UTE_AVBUEU_003-scaled-e1720173806577.jpg\",\"width\":1194,\"height\":636,\"caption\":\"CANGAS, 250624. AVENIDA BUEU DE CANGAS.\"},{\"@type\":\"BreadcrumbList\",\"@id\":\"https:\/\/utegestioncangas.com\/es\/nuevo-anteproyecto-para-la-separacion-de-pluviales-en-cangas\/#breadcrumb\",\"itemListElement\":[{\"@type\":\"ListItem\",\"position\":1,\"name\":\"Portada\",\"item\":\"https:\/\/utegestioncangas.com\/es\/\"},{\"@type\":\"ListItem\",\"position\":2,\"name\":\"Nuevo anteproyecto para la separaci\u00f3n de pluviales en Cangas\"}]},{\"@type\":\"WebSite\",\"@id\":\"https:\/\/utegestioncangas.com\/es\/#website\",\"url\":\"https:\/\/utegestioncangas.com\/es\/\",\"name\":\"UTE Gesti\u00f3n Cangas\",\"description\":\"UTE Gesti\u00f3n Cangas\",\"publisher\":{\"@id\":\"https:\/\/utegestioncangas.com\/es\/#organization\"},\"potentialAction\":[{\"@type\":\"SearchAction\",\"target\":{\"@type\":\"EntryPoint\",\"urlTemplate\":\"https:\/\/utegestioncangas.com\/es\/?s={search_term_string}\"},\"query-input\":{\"@type\":\"PropertyValueSpecification\",\"valueRequired\":true,\"valueName\":\"search_term_string\"}}],\"inLanguage\":\"es\"},{\"@type\":\"Organization\",\"@id\":\"https:\/\/utegestioncangas.com\/es\/#organization\",\"name\":\"UTE Gesti\u00f3n Cangas\",\"url\":\"https:\/\/utegestioncangas.com\/es\/\",\"logo\":{\"@type\":\"ImageObject\",\"inLanguage\":\"es\",\"@id\":\"https:\/\/utegestioncangas.com\/es\/#\/schema\/logo\/image\/\",\"url\":\"http:\/\/utegestioncangas.com\/wp-content\/uploads\/2019\/06\/ute-retina.png\",\"contentUrl\":\"http:\/\/utegestioncangas.com\/wp-content\/uploads\/2019\/06\/ute-retina.png\",\"width\":484,\"height\":100,\"caption\":\"UTE Gesti\u00f3n Cangas\"},\"image\":{\"@id\":\"https:\/\/utegestioncangas.com\/es\/#\/schema\/logo\/image\/\"}},{\"@type\":\"Person\",\"@id\":\"https:\/\/utegestioncangas.com\/es\/#\/schema\/person\/8cd20ccc99da89d838d9240bff227855\",\"name\":\"puntoga\",\"image\":{\"@type\":\"ImageObject\",\"inLanguage\":\"es\",\"@id\":\"https:\/\/utegestioncangas.com\/es\/#\/schema\/person\/image\/\",\"url\":\"https:\/\/secure.gravatar.com\/avatar\/9031bc093d28a3a5d7c7a1394a1c41a5?s=96&d=mm&r=g\",\"contentUrl\":\"https:\/\/secure.gravatar.com\/avatar\/9031bc093d28a3a5d7c7a1394a1c41a5?s=96&d=mm&r=g\",\"caption\":\"puntoga\"}}]}<\/script>\n<!-- \/ Yoast SEO plugin. -->","yoast_head_json":{"title":"Nuevo anteproyecto para la separaci\u00f3n de pluviales en Cangas - UTE Gesti\u00f3n Cangas","description":"El Concello de Cangas ha encargado a la UTE Gesti\u00f3n Cangas la redacci\u00f3n del anteproyecto de separaci\u00f3n de pluviales para las calles Alexandre Cribeiro y Avenida de Bueu.","robots":{"index":"index","follow":"follow","max-snippet":"max-snippet:-1","max-image-preview":"max-image-preview:large","max-video-preview":"max-video-preview:-1"},"canonical":"https:\/\/utegestioncangas.com\/es\/nuevo-anteproyecto-para-la-separacion-de-pluviales-en-cangas\/","og_locale":"es_ES","og_type":"article","og_title":"Nuevo anteproyecto para la separaci\u00f3n de pluviales en Cangas - UTE Gesti\u00f3n Cangas","og_description":"El Concello de Cangas ha encargado a la UTE Gesti\u00f3n Cangas la redacci\u00f3n del anteproyecto de separaci\u00f3n de pluviales para las calles Alexandre Cribeiro y Avenida de Bueu.","og_url":"https:\/\/utegestioncangas.com\/es\/nuevo-anteproyecto-para-la-separacion-de-pluviales-en-cangas\/","og_site_name":"UTE Gesti\u00f3n Cangas","article_published_time":"2024-07-05T09:58:04+00:00","article_modified_time":"2024-07-05T10:03:35+00:00","og_image":[{"width":1194,"height":636,"url":"https:\/\/utegestioncangas.com\/wp-content\/uploads\/2024\/07\/UTE_AVBUEU_003-scaled-e1720173806577.jpg","type":"image\/jpeg"}],"author":"puntoga","twitter_card":"summary_large_image","twitter_misc":{"Escrito por":"puntoga","Tiempo de lectura":"1 minuto"},"schema":{"@context":"https:\/\/schema.org","@graph":[{"@type":"Article","@id":"https:\/\/utegestioncangas.com\/es\/nuevo-anteproyecto-para-la-separacion-de-pluviales-en-cangas\/#article","isPartOf":{"@id":"https:\/\/utegestioncangas.com\/es\/nuevo-anteproyecto-para-la-separacion-de-pluviales-en-cangas\/"},"author":{"name":"puntoga","@id":"https:\/\/utegestioncangas.com\/es\/#\/schema\/person\/8cd20ccc99da89d838d9240bff227855"},"headline":"Nuevo anteproyecto para la separaci\u00f3n de pluviales en Cangas","datePublished":"2024-07-05T09:58:04+00:00","dateModified":"2024-07-05T10:03:35+00:00","mainEntityOfPage":{"@id":"https:\/\/utegestioncangas.com\/es\/nuevo-anteproyecto-para-la-separacion-de-pluviales-en-cangas\/"},"wordCount":147,"publisher":{"@id":"https:\/\/utegestioncangas.com\/es\/#organization"},"image":{"@id":"https:\/\/utegestioncangas.com\/es\/nuevo-anteproyecto-para-la-separacion-de-pluviales-en-cangas\/#primaryimage"},"thumbnailUrl":"https:\/\/utegestioncangas.com\/wp-content\/uploads\/2024\/07\/UTE_AVBUEU_003-scaled-e1720173806577.jpg","articleSection":["Noticias","Portada"],"inLanguage":"es"},{"@type":"WebPage","@id":"https:\/\/utegestioncangas.com\/es\/nuevo-anteproyecto-para-la-separacion-de-pluviales-en-cangas\/","url":"https:\/\/utegestioncangas.com\/es\/nuevo-anteproyecto-para-la-separacion-de-pluviales-en-cangas\/","name":"Nuevo anteproyecto para la separaci\u00f3n de pluviales en Cangas - UTE Gesti\u00f3n Cangas","isPartOf":{"@id":"https:\/\/utegestioncangas.com\/es\/#website"},"primaryImageOfPage":{"@id":"https:\/\/utegestioncangas.com\/es\/nuevo-anteproyecto-para-la-separacion-de-pluviales-en-cangas\/#primaryimage"},"image":{"@id":"https:\/\/utegestioncangas.com\/es\/nuevo-anteproyecto-para-la-separacion-de-pluviales-en-cangas\/#primaryimage"},"thumbnailUrl":"https:\/\/utegestioncangas.com\/wp-content\/uploads\/2024\/07\/UTE_AVBUEU_003-scaled-e1720173806577.jpg","datePublished":"2024-07-05T09:58:04+00:00","dateModified":"2024-07-05T10:03:35+00:00","description":"El Concello de Cangas ha encargado a la UTE Gesti\u00f3n Cangas la redacci\u00f3n del anteproyecto de separaci\u00f3n de pluviales para las calles Alexandre Cribeiro y Avenida de Bueu.","breadcrumb":{"@id":"https:\/\/utegestioncangas.com\/es\/nuevo-anteproyecto-para-la-separacion-de-pluviales-en-cangas\/#breadcrumb"},"inLanguage":"es","potentialAction":[{"@type":"ReadAction","target":["https:\/\/utegestioncangas.com\/es\/nuevo-anteproyecto-para-la-separacion-de-pluviales-en-cangas\/"]}]},{"@type":"ImageObject","inLanguage":"es","@id":"https:\/\/utegestioncangas.com\/es\/nuevo-anteproyecto-para-la-separacion-de-pluviales-en-cangas\/#primaryimage","url":"https:\/\/utegestioncangas.com\/wp-content\/uploads\/2024\/07\/UTE_AVBUEU_003-scaled-e1720173806577.jpg","contentUrl":"https:\/\/utegestioncangas.com\/wp-content\/uploads\/2024\/07\/UTE_AVBUEU_003-scaled-e1720173806577.jpg","width":1194,"height":636,"caption":"CANGAS, 250624. AVENIDA BUEU DE CANGAS."},{"@type":"BreadcrumbList","@id":"https:\/\/utegestioncangas.com\/es\/nuevo-anteproyecto-para-la-separacion-de-pluviales-en-cangas\/#breadcrumb","itemListElement":[{"@type":"ListItem","position":1,"name":"Portada","item":"https:\/\/utegestioncangas.com\/es\/"},{"@type":"ListItem","position":2,"name":"Nuevo anteproyecto para la separaci\u00f3n de pluviales en Cangas"}]},{"@type":"WebSite","@id":"https:\/\/utegestioncangas.com\/es\/#website","url":"https:\/\/utegestioncangas.com\/es\/","name":"UTE Gesti\u00f3n Cangas","description":"UTE Gesti\u00f3n Cangas","publisher":{"@id":"https:\/\/utegestioncangas.com\/es\/#organization"},"potentialAction":[{"@type":"SearchAction","target":{"@type":"EntryPoint","urlTemplate":"https:\/\/utegestioncangas.com\/es\/?s={search_term_string}"},"query-input":{"@type":"PropertyValueSpecification","valueRequired":true,"valueName":"search_term_string"}}],"inLanguage":"es"},{"@type":"Organization","@id":"https:\/\/utegestioncangas.com\/es\/#organization","name":"UTE Gesti\u00f3n Cangas","url":"https:\/\/utegestioncangas.com\/es\/","logo":{"@type":"ImageObject","inLanguage":"es","@id":"https:\/\/utegestioncangas.com\/es\/#\/schema\/logo\/image\/","url":"http:\/\/utegestioncangas.com\/wp-content\/uploads\/2019\/06\/ute-retina.png","contentUrl":"http:\/\/utegestioncangas.com\/wp-content\/uploads\/2019\/06\/ute-retina.png","width":484,"height":100,"caption":"UTE Gesti\u00f3n Cangas"},"image":{"@id":"https:\/\/utegestioncangas.com\/es\/#\/schema\/logo\/image\/"}},{"@type":"Person","@id":"https:\/\/utegestioncangas.com\/es\/#\/schema\/person\/8cd20ccc99da89d838d9240bff227855","name":"puntoga","image":{"@type":"ImageObject","inLanguage":"es","@id":"https:\/\/utegestioncangas.com\/es\/#\/schema\/person\/image\/","url":"https:\/\/secure.gravatar.com\/avatar\/9031bc093d28a3a5d7c7a1394a1c41a5?s=96&d=mm&r=g","contentUrl":"https:\/\/secure.gravatar.com\/avatar\/9031bc093d28a3a5d7c7a1394a1c41a5?s=96&d=mm&r=g","caption":"puntoga"}}]}},"_links":{"self":[{"href":"https:\/\/utegestioncangas.com\/es\/wp-json\/wp\/v2\/posts\/2508","targetHints":{"allow":["GET"]}}],"collection":[{"href":"https:\/\/utegestioncangas.com\/es\/wp-json\/wp\/v2\/posts"}],"about":[{"href":"https:\/\/utegestioncangas.com\/es\/wp-json\/wp\/v2\/types\/post"}],"author":[{"embeddable":true,"href":"https:\/\/utegestioncangas.com\/es\/wp-json\/wp\/v2\/users\/5"}],"replies":[{"embeddable":true,"href":"https:\/\/utegestioncangas.com\/es\/wp-json\/wp\/v2\/comments?post=2508"}],"version-history":[{"count":0,"href":"https:\/\/utegestioncangas.com\/es\/wp-json\/wp\/v2\/posts\/2508\/revisions"}],"wp:featuredmedia":[{"embeddable":true,"href":"https:\/\/utegestioncangas.com\/es\/wp-json\/wp\/v2\/media\/2510"}],"wp:attachment":[{"href":"https:\/\/utegestioncangas.com\/es\/wp-json\/wp\/v2\/media?parent=2508"}],"wp:term":[{"taxonomy":"category","embeddable":true,"href":"https:\/\/utegestioncangas.com\/es\/wp-json\/wp\/v2\/categories?post=2508"},{"taxonomy":"post_tag","embeddable":true,"href":"https:\/\/utegestioncangas.com\/es\/wp-json\/wp\/v2\/tags?post=2508"}],"curies":[{"name":"wp","href":"https:\/\/api.w.org\/{rel}","templated":true}]}}