{"id":2539,"date":"2024-08-09T12:34:08","date_gmt":"2024-08-09T10:34:08","guid":{"rendered":"http:\/\/utegestioncangas.com\/?p=2539"},"modified":"2024-08-09T12:34:08","modified_gmt":"2024-08-09T10:34:08","slug":"disfruta-de-un-verano-con-agua-cuidemosla-juntos-2","status":"publish","type":"post","link":"https:\/\/utegestioncangas.com\/es\/disfruta-de-un-verano-con-agua-cuidemosla-juntos-2\/","title":{"rendered":"Las obras de la avenida Esp\u00edritu Santo, a exposici\u00f3n p\u00fablica"},"content":{"rendered":"\t\t<div data-elementor-type=\"wp-post\" data-elementor-id=\"2539\" class=\"elementor elementor-2539 elementor-2538\">\n\t\t\t\t\t\t<section class=\"elementor-section elementor-top-section elementor-element elementor-element-25948a4 elementor-section-boxed elementor-section-height-default elementor-section-height-default\" data-id=\"25948a4\" data-element_type=\"section\" data-settings=\"{&quot;jet_parallax_layout_list&quot;:[]}\">\n\t\t\t\t\t\t<div class=\"elementor-container elementor-column-gap-default\">\n\t\t\t\t\t<div class=\"elementor-column elementor-col-100 elementor-top-column elementor-element elementor-element-3222e70\" data-id=\"3222e70\" data-element_type=\"column\">\n\t\t\t<div class=\"elementor-widget-wrap elementor-element-populated\">\n\t\t\t\t\t\t<div class=\"elementor-element elementor-element-c227597 elementor-widget elementor-widget-text-editor\" data-id=\"c227597\" data-element_type=\"widget\" data-widget_type=\"text-editor.default\">\n\t\t\t\t<div class=\"elementor-widget-container\">\n\t\t\t\t\t\t\t\t\t<p><strong>09.08.2024. <\/strong><span style=\"font-size: 1rem;\">UTE Gestio\u0301n Cangas acaba de elaborar y presentar a exposicio\u0301n pu\u0301blica el nuevo anteproyecto de las fases II y III de las obras de la avenida Espi\u0301ritu Santo. Publicado en el Boleti\u0301n Oficial de la Provincia de Pontevedra (BOPPO) el 31 de julio de 2024, el documento queda sometido a propuestas y alegaciones durante 30 di\u0301as antes de ser propuesto al pleno municipal de Cangas para su aprobacio\u0301n definitiva y poder iniciar las obras.<\/span><\/p><div class=\"page\" title=\"Page 1\"><div class=\"section\"><div class=\"layoutArea\"><div class=\"column\"><p>El anteproyecto cuenta con una inversio\u0301n total de 364.193 euros y tiene como objetivo continuar con las mejoras iniciadas en el an\u0303o 2020 con la primera fase. Las labores de trabajo se centrara\u0301n en la mejora integral del sistema de saneamiento y recoleccio\u0301n de pluviales de la vi\u0301a.<\/p><p>La fase II incluye las obras del tramo que va desde la capilla de Espi\u0301ritu Santo hasta el acceso a la rotonda de la vi\u0301a ra\u0301pida; y la fase III abarca el a\u0301rea entre el acceso a la rotonda y la calle Gruncheiras. La duracio\u0301n estimada de las obras sera\u0301 de 2 meses.<\/p><\/div><\/div><\/div><\/div><p><strong>En la imagen, la avenida Esp\u00edritu Santo FOTO: Punto GA | M.Riopa<\/strong><\/p>\t\t\t\t\t\t\t\t<\/div>\n\t\t\t\t<\/div>\n\t\t\t\t\t<\/div>\n\t\t<\/div>\n\t\t\t\t\t<\/div>\n\t\t<\/section>\n\t\t\t\t<\/div>\n\t\t","protected":false},"excerpt":{"rendered":"<p>El Concello ha encargado a la concesionaria la redacci\u00f3n del anteproyecto de separaci\u00f3n de pluviales para las calles Alexandre Cribeiro y Avenida de Bueu.<\/p>\n","protected":false},"author":5,"featured_media":2540,"comment_status":"closed","ping_status":"closed","sticky":false,"template":"","format":"standard","meta":{"_acf_changed":false,"_exactmetrics_skip_tracking":false,"_exactmetrics_sitenote_active":false,"_exactmetrics_sitenote_note":"","_exactmetrics_sitenote_category":0,"iawp_total_views":5,"footnotes":""},"categories":[40,49],"tags":[],"class_list":["post-2539","post","type-post","status-publish","format-standard","has-post-thumbnail","hentry","category-noticias","category-portada-es"],"acf":[],"yoast_head":"<!-- This site is optimized with the Yoast SEO plugin v24.5 - https:\/\/yoast.com\/wordpress\/plugins\/seo\/ -->\n<title>Las obras de la avenida Esp\u00edritu Santo, a exposici\u00f3n p\u00fablica - UTE Gesti\u00f3n Cangas<\/title>\n<meta name=\"description\" content=\"UTE Gesti\u00f3n Cangas acaba de elaborar y presentar a exposici\u00f3n p\u00fablica el nuevo anteproyecto de las fases II y III de las obras de la avenida Esp\u00edritu Santo.\" \/>\n<meta name=\"robots\" content=\"index, follow, max-snippet:-1, max-image-preview:large, max-video-preview:-1\" \/>\n<link rel=\"canonical\" href=\"https:\/\/utegestioncangas.com\/es\/disfruta-de-un-verano-con-agua-cuidemosla-juntos-2\/\" \/>\n<meta property=\"og:locale\" content=\"es_ES\" \/>\n<meta property=\"og:type\" content=\"article\" \/>\n<meta property=\"og:title\" content=\"Las obras de la avenida Esp\u00edritu Santo, a exposici\u00f3n p\u00fablica - UTE Gesti\u00f3n Cangas\" \/>\n<meta property=\"og:description\" content=\"UTE Gesti\u00f3n Cangas acaba de elaborar y presentar a exposici\u00f3n p\u00fablica el nuevo anteproyecto de las fases II y III de las obras de la avenida Esp\u00edritu Santo.\" \/>\n<meta property=\"og:url\" content=\"https:\/\/utegestioncangas.com\/es\/disfruta-de-un-verano-con-agua-cuidemosla-juntos-2\/\" \/>\n<meta property=\"og:site_name\" content=\"UTE Gesti\u00f3n Cangas\" \/>\n<meta property=\"article:published_time\" content=\"2024-08-09T10:34:08+00:00\" \/>\n<meta property=\"og:image\" content=\"https:\/\/utegestioncangas.com\/wp-content\/uploads\/2024\/08\/UTE_ESPSANT_001-2.jpg\" \/>\n\t<meta property=\"og:image:width\" content=\"1200\" \/>\n\t<meta property=\"og:image:height\" content=\"800\" \/>\n\t<meta property=\"og:image:type\" content=\"image\/jpeg\" \/>\n<meta name=\"author\" content=\"puntoga\" \/>\n<meta name=\"twitter:card\" content=\"summary_large_image\" \/>\n<meta name=\"twitter:label1\" content=\"Escrito por\" \/>\n\t<meta name=\"twitter:data1\" content=\"puntoga\" \/>\n\t<meta name=\"twitter:label2\" content=\"Tiempo de lectura\" \/>\n\t<meta name=\"twitter:data2\" content=\"2 minutos\" \/>\n<script type=\"application\/ld+json\" class=\"yoast-schema-graph\">{\"@context\":\"https:\/\/schema.org\",\"@graph\":[{\"@type\":\"Article\",\"@id\":\"https:\/\/utegestioncangas.com\/es\/disfruta-de-un-verano-con-agua-cuidemosla-juntos-2\/#article\",\"isPartOf\":{\"@id\":\"https:\/\/utegestioncangas.com\/es\/disfruta-de-un-verano-con-agua-cuidemosla-juntos-2\/\"},\"author\":{\"name\":\"puntoga\",\"@id\":\"https:\/\/utegestioncangas.com\/es\/#\/schema\/person\/8cd20ccc99da89d838d9240bff227855\"},\"headline\":\"Las obras de la avenida Esp\u00edritu Santo, a exposici\u00f3n p\u00fablica\",\"datePublished\":\"2024-08-09T10:34:08+00:00\",\"mainEntityOfPage\":{\"@id\":\"https:\/\/utegestioncangas.com\/es\/disfruta-de-un-verano-con-agua-cuidemosla-juntos-2\/\"},\"wordCount\":212,\"publisher\":{\"@id\":\"https:\/\/utegestioncangas.com\/es\/#organization\"},\"image\":{\"@id\":\"https:\/\/utegestioncangas.com\/es\/disfruta-de-un-verano-con-agua-cuidemosla-juntos-2\/#primaryimage\"},\"thumbnailUrl\":\"https:\/\/utegestioncangas.com\/wp-content\/uploads\/2024\/08\/UTE_ESPSANT_001-2.jpg\",\"articleSection\":[\"Noticias\",\"Portada\"],\"inLanguage\":\"es\"},{\"@type\":\"WebPage\",\"@id\":\"https:\/\/utegestioncangas.com\/es\/disfruta-de-un-verano-con-agua-cuidemosla-juntos-2\/\",\"url\":\"https:\/\/utegestioncangas.com\/es\/disfruta-de-un-verano-con-agua-cuidemosla-juntos-2\/\",\"name\":\"Las obras de la avenida Esp\u00edritu Santo, a exposici\u00f3n p\u00fablica - UTE Gesti\u00f3n Cangas\",\"isPartOf\":{\"@id\":\"https:\/\/utegestioncangas.com\/es\/#website\"},\"primaryImageOfPage\":{\"@id\":\"https:\/\/utegestioncangas.com\/es\/disfruta-de-un-verano-con-agua-cuidemosla-juntos-2\/#primaryimage\"},\"image\":{\"@id\":\"https:\/\/utegestioncangas.com\/es\/disfruta-de-un-verano-con-agua-cuidemosla-juntos-2\/#primaryimage\"},\"thumbnailUrl\":\"https:\/\/utegestioncangas.com\/wp-content\/uploads\/2024\/08\/UTE_ESPSANT_001-2.jpg\",\"datePublished\":\"2024-08-09T10:34:08+00:00\",\"description\":\"UTE Gesti\u00f3n Cangas acaba de elaborar y presentar a exposici\u00f3n p\u00fablica el nuevo anteproyecto de las fases II y III de las obras de la avenida Esp\u00edritu Santo.\",\"breadcrumb\":{\"@id\":\"https:\/\/utegestioncangas.com\/es\/disfruta-de-un-verano-con-agua-cuidemosla-juntos-2\/#breadcrumb\"},\"inLanguage\":\"es\",\"potentialAction\":[{\"@type\":\"ReadAction\",\"target\":[\"https:\/\/utegestioncangas.com\/es\/disfruta-de-un-verano-con-agua-cuidemosla-juntos-2\/\"]}]},{\"@type\":\"ImageObject\",\"inLanguage\":\"es\",\"@id\":\"https:\/\/utegestioncangas.com\/es\/disfruta-de-un-verano-con-agua-cuidemosla-juntos-2\/#primaryimage\",\"url\":\"https:\/\/utegestioncangas.com\/wp-content\/uploads\/2024\/08\/UTE_ESPSANT_001-2.jpg\",\"contentUrl\":\"https:\/\/utegestioncangas.com\/wp-content\/uploads\/2024\/08\/UTE_ESPSANT_001-2.jpg\",\"width\":1200,\"height\":800,\"caption\":\"CANGAS, 250624. CALLE ESPIRITU SANTO DE CANGAS.\"},{\"@type\":\"BreadcrumbList\",\"@id\":\"https:\/\/utegestioncangas.com\/es\/disfruta-de-un-verano-con-agua-cuidemosla-juntos-2\/#breadcrumb\",\"itemListElement\":[{\"@type\":\"ListItem\",\"position\":1,\"name\":\"Portada\",\"item\":\"https:\/\/utegestioncangas.com\/es\/\"},{\"@type\":\"ListItem\",\"position\":2,\"name\":\"Las obras de la avenida Esp\u00edritu Santo, a exposici\u00f3n p\u00fablica\"}]},{\"@type\":\"WebSite\",\"@id\":\"https:\/\/utegestioncangas.com\/es\/#website\",\"url\":\"https:\/\/utegestioncangas.com\/es\/\",\"name\":\"UTE Gesti\u00f3n Cangas\",\"description\":\"UTE Gesti\u00f3n Cangas\",\"publisher\":{\"@id\":\"https:\/\/utegestioncangas.com\/es\/#organization\"},\"potentialAction\":[{\"@type\":\"SearchAction\",\"target\":{\"@type\":\"EntryPoint\",\"urlTemplate\":\"https:\/\/utegestioncangas.com\/es\/?s={search_term_string}\"},\"query-input\":{\"@type\":\"PropertyValueSpecification\",\"valueRequired\":true,\"valueName\":\"search_term_string\"}}],\"inLanguage\":\"es\"},{\"@type\":\"Organization\",\"@id\":\"https:\/\/utegestioncangas.com\/es\/#organization\",\"name\":\"UTE Gesti\u00f3n Cangas\",\"url\":\"https:\/\/utegestioncangas.com\/es\/\",\"logo\":{\"@type\":\"ImageObject\",\"inLanguage\":\"es\",\"@id\":\"https:\/\/utegestioncangas.com\/es\/#\/schema\/logo\/image\/\",\"url\":\"http:\/\/utegestioncangas.com\/wp-content\/uploads\/2019\/06\/ute-retina.png\",\"contentUrl\":\"http:\/\/utegestioncangas.com\/wp-content\/uploads\/2019\/06\/ute-retina.png\",\"width\":484,\"height\":100,\"caption\":\"UTE Gesti\u00f3n Cangas\"},\"image\":{\"@id\":\"https:\/\/utegestioncangas.com\/es\/#\/schema\/logo\/image\/\"}},{\"@type\":\"Person\",\"@id\":\"https:\/\/utegestioncangas.com\/es\/#\/schema\/person\/8cd20ccc99da89d838d9240bff227855\",\"name\":\"puntoga\",\"image\":{\"@type\":\"ImageObject\",\"inLanguage\":\"es\",\"@id\":\"https:\/\/utegestioncangas.com\/es\/#\/schema\/person\/image\/\",\"url\":\"https:\/\/secure.gravatar.com\/avatar\/9031bc093d28a3a5d7c7a1394a1c41a5?s=96&d=mm&r=g\",\"contentUrl\":\"https:\/\/secure.gravatar.com\/avatar\/9031bc093d28a3a5d7c7a1394a1c41a5?s=96&d=mm&r=g\",\"caption\":\"puntoga\"}}]}<\/script>\n<!-- \/ Yoast SEO plugin. -->","yoast_head_json":{"title":"Las obras de la avenida Esp\u00edritu Santo, a exposici\u00f3n p\u00fablica - UTE Gesti\u00f3n Cangas","description":"UTE Gesti\u00f3n Cangas acaba de elaborar y presentar a exposici\u00f3n p\u00fablica el nuevo anteproyecto de las fases II y III de las obras de la avenida Esp\u00edritu Santo.","robots":{"index":"index","follow":"follow","max-snippet":"max-snippet:-1","max-image-preview":"max-image-preview:large","max-video-preview":"max-video-preview:-1"},"canonical":"https:\/\/utegestioncangas.com\/es\/disfruta-de-un-verano-con-agua-cuidemosla-juntos-2\/","og_locale":"es_ES","og_type":"article","og_title":"Las obras de la avenida Esp\u00edritu Santo, a exposici\u00f3n p\u00fablica - UTE Gesti\u00f3n Cangas","og_description":"UTE Gesti\u00f3n Cangas acaba de elaborar y presentar a exposici\u00f3n p\u00fablica el nuevo anteproyecto de las fases II y III de las obras de la avenida Esp\u00edritu Santo.","og_url":"https:\/\/utegestioncangas.com\/es\/disfruta-de-un-verano-con-agua-cuidemosla-juntos-2\/","og_site_name":"UTE Gesti\u00f3n Cangas","article_published_time":"2024-08-09T10:34:08+00:00","og_image":[{"width":1200,"height":800,"url":"https:\/\/utegestioncangas.com\/wp-content\/uploads\/2024\/08\/UTE_ESPSANT_001-2.jpg","type":"image\/jpeg"}],"author":"puntoga","twitter_card":"summary_large_image","twitter_misc":{"Escrito por":"puntoga","Tiempo de lectura":"2 minutos"},"schema":{"@context":"https:\/\/schema.org","@graph":[{"@type":"Article","@id":"https:\/\/utegestioncangas.com\/es\/disfruta-de-un-verano-con-agua-cuidemosla-juntos-2\/#article","isPartOf":{"@id":"https:\/\/utegestioncangas.com\/es\/disfruta-de-un-verano-con-agua-cuidemosla-juntos-2\/"},"author":{"name":"puntoga","@id":"https:\/\/utegestioncangas.com\/es\/#\/schema\/person\/8cd20ccc99da89d838d9240bff227855"},"headline":"Las obras de la avenida Esp\u00edritu Santo, a exposici\u00f3n p\u00fablica","datePublished":"2024-08-09T10:34:08+00:00","mainEntityOfPage":{"@id":"https:\/\/utegestioncangas.com\/es\/disfruta-de-un-verano-con-agua-cuidemosla-juntos-2\/"},"wordCount":212,"publisher":{"@id":"https:\/\/utegestioncangas.com\/es\/#organization"},"image":{"@id":"https:\/\/utegestioncangas.com\/es\/disfruta-de-un-verano-con-agua-cuidemosla-juntos-2\/#primaryimage"},"thumbnailUrl":"https:\/\/utegestioncangas.com\/wp-content\/uploads\/2024\/08\/UTE_ESPSANT_001-2.jpg","articleSection":["Noticias","Portada"],"inLanguage":"es"},{"@type":"WebPage","@id":"https:\/\/utegestioncangas.com\/es\/disfruta-de-un-verano-con-agua-cuidemosla-juntos-2\/","url":"https:\/\/utegestioncangas.com\/es\/disfruta-de-un-verano-con-agua-cuidemosla-juntos-2\/","name":"Las obras de la avenida Esp\u00edritu Santo, a exposici\u00f3n p\u00fablica - UTE Gesti\u00f3n Cangas","isPartOf":{"@id":"https:\/\/utegestioncangas.com\/es\/#website"},"primaryImageOfPage":{"@id":"https:\/\/utegestioncangas.com\/es\/disfruta-de-un-verano-con-agua-cuidemosla-juntos-2\/#primaryimage"},"image":{"@id":"https:\/\/utegestioncangas.com\/es\/disfruta-de-un-verano-con-agua-cuidemosla-juntos-2\/#primaryimage"},"thumbnailUrl":"https:\/\/utegestioncangas.com\/wp-content\/uploads\/2024\/08\/UTE_ESPSANT_001-2.jpg","datePublished":"2024-08-09T10:34:08+00:00","description":"UTE Gesti\u00f3n Cangas acaba de elaborar y presentar a exposici\u00f3n p\u00fablica el nuevo anteproyecto de las fases II y III de las obras de la avenida Esp\u00edritu Santo.","breadcrumb":{"@id":"https:\/\/utegestioncangas.com\/es\/disfruta-de-un-verano-con-agua-cuidemosla-juntos-2\/#breadcrumb"},"inLanguage":"es","potentialAction":[{"@type":"ReadAction","target":["https:\/\/utegestioncangas.com\/es\/disfruta-de-un-verano-con-agua-cuidemosla-juntos-2\/"]}]},{"@type":"ImageObject","inLanguage":"es","@id":"https:\/\/utegestioncangas.com\/es\/disfruta-de-un-verano-con-agua-cuidemosla-juntos-2\/#primaryimage","url":"https:\/\/utegestioncangas.com\/wp-content\/uploads\/2024\/08\/UTE_ESPSANT_001-2.jpg","contentUrl":"https:\/\/utegestioncangas.com\/wp-content\/uploads\/2024\/08\/UTE_ESPSANT_001-2.jpg","width":1200,"height":800,"caption":"CANGAS, 250624. CALLE ESPIRITU SANTO DE CANGAS."},{"@type":"BreadcrumbList","@id":"https:\/\/utegestioncangas.com\/es\/disfruta-de-un-verano-con-agua-cuidemosla-juntos-2\/#breadcrumb","itemListElement":[{"@type":"ListItem","position":1,"name":"Portada","item":"https:\/\/utegestioncangas.com\/es\/"},{"@type":"ListItem","position":2,"name":"Las obras de la avenida Esp\u00edritu Santo, a exposici\u00f3n p\u00fablica"}]},{"@type":"WebSite","@id":"https:\/\/utegestioncangas.com\/es\/#website","url":"https:\/\/utegestioncangas.com\/es\/","name":"UTE Gesti\u00f3n Cangas","description":"UTE Gesti\u00f3n Cangas","publisher":{"@id":"https:\/\/utegestioncangas.com\/es\/#organization"},"potentialAction":[{"@type":"SearchAction","target":{"@type":"EntryPoint","urlTemplate":"https:\/\/utegestioncangas.com\/es\/?s={search_term_string}"},"query-input":{"@type":"PropertyValueSpecification","valueRequired":true,"valueName":"search_term_string"}}],"inLanguage":"es"},{"@type":"Organization","@id":"https:\/\/utegestioncangas.com\/es\/#organization","name":"UTE Gesti\u00f3n Cangas","url":"https:\/\/utegestioncangas.com\/es\/","logo":{"@type":"ImageObject","inLanguage":"es","@id":"https:\/\/utegestioncangas.com\/es\/#\/schema\/logo\/image\/","url":"http:\/\/utegestioncangas.com\/wp-content\/uploads\/2019\/06\/ute-retina.png","contentUrl":"http:\/\/utegestioncangas.com\/wp-content\/uploads\/2019\/06\/ute-retina.png","width":484,"height":100,"caption":"UTE Gesti\u00f3n Cangas"},"image":{"@id":"https:\/\/utegestioncangas.com\/es\/#\/schema\/logo\/image\/"}},{"@type":"Person","@id":"https:\/\/utegestioncangas.com\/es\/#\/schema\/person\/8cd20ccc99da89d838d9240bff227855","name":"puntoga","image":{"@type":"ImageObject","inLanguage":"es","@id":"https:\/\/utegestioncangas.com\/es\/#\/schema\/person\/image\/","url":"https:\/\/secure.gravatar.com\/avatar\/9031bc093d28a3a5d7c7a1394a1c41a5?s=96&d=mm&r=g","contentUrl":"https:\/\/secure.gravatar.com\/avatar\/9031bc093d28a3a5d7c7a1394a1c41a5?s=96&d=mm&r=g","caption":"puntoga"}}]}},"_links":{"self":[{"href":"https:\/\/utegestioncangas.com\/es\/wp-json\/wp\/v2\/posts\/2539","targetHints":{"allow":["GET"]}}],"collection":[{"href":"https:\/\/utegestioncangas.com\/es\/wp-json\/wp\/v2\/posts"}],"about":[{"href":"https:\/\/utegestioncangas.com\/es\/wp-json\/wp\/v2\/types\/post"}],"author":[{"embeddable":true,"href":"https:\/\/utegestioncangas.com\/es\/wp-json\/wp\/v2\/users\/5"}],"replies":[{"embeddable":true,"href":"https:\/\/utegestioncangas.com\/es\/wp-json\/wp\/v2\/comments?post=2539"}],"version-history":[{"count":0,"href":"https:\/\/utegestioncangas.com\/es\/wp-json\/wp\/v2\/posts\/2539\/revisions"}],"wp:featuredmedia":[{"embeddable":true,"href":"https:\/\/utegestioncangas.com\/es\/wp-json\/wp\/v2\/media\/2540"}],"wp:attachment":[{"href":"https:\/\/utegestioncangas.com\/es\/wp-json\/wp\/v2\/media?parent=2539"}],"wp:term":[{"taxonomy":"category","embeddable":true,"href":"https:\/\/utegestioncangas.com\/es\/wp-json\/wp\/v2\/categories?post=2539"},{"taxonomy":"post_tag","embeddable":true,"href":"https:\/\/utegestioncangas.com\/es\/wp-json\/wp\/v2\/tags?post=2539"}],"curies":[{"name":"wp","href":"https:\/\/api.w.org\/{rel}","templated":true}]}}