{"id":2718,"date":"2025-03-05T18:08:13","date_gmt":"2025-03-05T17:08:13","guid":{"rendered":"https:\/\/utegestioncangas.com\/?p=2718"},"modified":"2025-03-05T18:10:14","modified_gmt":"2025-03-05T17:10:14","slug":"comienzan-las-obras-en-la-avenida-espiritu-santo-en-cangas","status":"publish","type":"post","link":"https:\/\/utegestioncangas.com\/es\/comienzan-las-obras-en-la-avenida-espiritu-santo-en-cangas\/","title":{"rendered":"Comienzan las obras en la avenida Esp\u00edritu Santo en Cangas"},"content":{"rendered":"\t\t<div data-elementor-type=\"wp-post\" data-elementor-id=\"2718\" class=\"elementor elementor-2718 elementor-2717\">\n\t\t\t\t\t\t<section class=\"elementor-section elementor-top-section elementor-element elementor-element-25948a4 elementor-section-boxed elementor-section-height-default elementor-section-height-default\" data-id=\"25948a4\" data-element_type=\"section\" data-settings=\"{&quot;jet_parallax_layout_list&quot;:[]}\">\n\t\t\t\t\t\t<div class=\"elementor-container elementor-column-gap-default\">\n\t\t\t\t\t<div class=\"elementor-column elementor-col-100 elementor-top-column elementor-element elementor-element-3222e70\" data-id=\"3222e70\" data-element_type=\"column\">\n\t\t\t<div class=\"elementor-widget-wrap elementor-element-populated\">\n\t\t\t\t\t\t<div class=\"elementor-element elementor-element-c227597 elementor-widget elementor-widget-text-editor\" data-id=\"c227597\" data-element_type=\"widget\" data-widget_type=\"text-editor.default\">\n\t\t\t\t<div class=\"elementor-widget-container\">\n\t\t\t\t\t\t\t\t\t<p><strong>05.03.2025.<\/strong>UTE Gesti\u00f3n Cangas ha iniciado las obras de renovaci\u00f3n de la red de abastecimiento y saneamiento en la Avenida do Esp\u00edritu Santo, uno de los principales viales de comunicaci\u00f3n del municipio. Los trabajos incluyen las actuaciones previstas en las memorias II y III del proyecto inicial y se realizan, desde esta semana, en un tramo de 650 metros de la v\u00eda. La compa\u00f1\u00eda canguesa encargada de la gesti\u00f3n del ciclo del agua de Cangas invierte 0,5 millones de euros en las obras.<\/p><p style=\"font-weight: 400;\">La intervenci\u00f3n se desarrollar\u00e1 en el \u00e1rea comprendida entre la capilla del Esp\u00edritu Santo y el acceso a la rotonda de la v\u00eda r\u00e1pida, y se extender\u00e1 desde el acceso a la rotonda hasta la calle Gruncheiras.<\/p><p style=\"font-weight: 400;\">La previsi\u00f3n inicial es concluir las obras durante la primavera, lo que permitir\u00e1 una mejora sustancial de la infraestructura, optimizando la distribuci\u00f3n y evacuaci\u00f3n de aguas en la zona. Entre las principales intervenciones se incluye la sustituci\u00f3n del colector de saneamiento de hormig\u00f3n por un nuevo de material pl\u00e1stico.<\/p><p style=\"font-weight: 400;\">Durante la intervenci\u00f3n, el Ayuntamiento de Cangas establece los desv\u00edos y accesos alternativos para garantizar la circulaci\u00f3n y el acceso a viviendas y empresas.<\/p><p style=\"font-weight: 400;\"><strong>\u00a0<\/strong><strong>En la imagen, tramo de la calle Esp\u00edruto Santo donde se realizar\u00e1n las obras.\u00a0 FOTO: Punto GA | M.Riopa<\/strong><\/p><p style=\"font-weight: 400;\"><strong>\u00a0<\/strong><\/p>\t\t\t\t\t\t\t\t<\/div>\n\t\t\t\t<\/div>\n\t\t\t\t\t<\/div>\n\t\t<\/div>\n\t\t\t\t\t<\/div>\n\t\t<\/section>\n\t\t\t\t<\/div>\n\t\t","protected":false},"excerpt":{"rendered":"<p>UTE Gesti\u00f3n Cangas ha iniciado las obras de renovaci\u00f3n de la red de abastecimiento y saneamiento en la Avenida do Esp\u00edritu Santo, uno de los principales viales de comunicaci\u00f3n del municipio.<\/p>\n","protected":false},"author":5,"featured_media":2720,"comment_status":"open","ping_status":"open","sticky":false,"template":"","format":"standard","meta":{"_acf_changed":false,"_exactmetrics_skip_tracking":false,"_exactmetrics_sitenote_active":false,"_exactmetrics_sitenote_note":"","_exactmetrics_sitenote_category":0,"iawp_total_views":73,"footnotes":""},"categories":[40,49],"tags":[],"class_list":["post-2718","post","type-post","status-publish","format-standard","has-post-thumbnail","hentry","category-noticias","category-portada-es"],"acf":[],"yoast_head":"<!-- This site is optimized with the Yoast SEO plugin v24.5 - https:\/\/yoast.com\/wordpress\/plugins\/seo\/ -->\n<title>Comienzan las obras en la avenida Esp\u00edritu Santo en Cangas - UTE Gesti\u00f3n Cangas<\/title>\n<meta name=\"description\" content=\"UTE Gesti\u00f3n Cangas ha comenzado las obras para extender el suministro de agua a las viviendas de la zona de A Rosada-Mui\u00f1o de Fausto, en la parroquia de Coiro.\" \/>\n<meta name=\"robots\" content=\"index, follow, max-snippet:-1, max-image-preview:large, max-video-preview:-1\" \/>\n<link rel=\"canonical\" href=\"https:\/\/utegestioncangas.com\/es\/comienzan-las-obras-en-la-avenida-espiritu-santo-en-cangas\/\" \/>\n<meta property=\"og:locale\" content=\"es_ES\" \/>\n<meta property=\"og:type\" content=\"article\" \/>\n<meta property=\"og:title\" content=\"Comienzan las obras en la avenida Esp\u00edritu Santo en Cangas - UTE Gesti\u00f3n Cangas\" \/>\n<meta property=\"og:description\" content=\"UTE Gesti\u00f3n Cangas ha comenzado las obras para extender el suministro de agua a las viviendas de la zona de A Rosada-Mui\u00f1o de Fausto, en la parroquia de Coiro.\" \/>\n<meta property=\"og:url\" content=\"https:\/\/utegestioncangas.com\/es\/comienzan-las-obras-en-la-avenida-espiritu-santo-en-cangas\/\" \/>\n<meta property=\"og:site_name\" content=\"UTE Gesti\u00f3n Cangas\" \/>\n<meta property=\"article:published_time\" content=\"2025-03-05T17:08:13+00:00\" \/>\n<meta property=\"article:modified_time\" content=\"2025-03-05T17:10:14+00:00\" \/>\n<meta property=\"og:image\" content=\"https:\/\/utegestioncangas.com\/wp-content\/uploads\/2025\/03\/UTE_ESPSANT_003-scaled.jpg\" \/>\n\t<meta property=\"og:image:width\" content=\"2560\" \/>\n\t<meta property=\"og:image:height\" content=\"1707\" \/>\n\t<meta property=\"og:image:type\" content=\"image\/jpeg\" \/>\n<meta name=\"author\" content=\"puntoga\" \/>\n<meta name=\"twitter:card\" content=\"summary_large_image\" \/>\n<meta name=\"twitter:label1\" content=\"Escrito por\" \/>\n\t<meta name=\"twitter:data1\" content=\"puntoga\" \/>\n\t<meta name=\"twitter:label2\" content=\"Tiempo de lectura\" \/>\n\t<meta name=\"twitter:data2\" content=\"2 minutos\" \/>\n<script type=\"application\/ld+json\" class=\"yoast-schema-graph\">{\"@context\":\"https:\/\/schema.org\",\"@graph\":[{\"@type\":\"Article\",\"@id\":\"https:\/\/utegestioncangas.com\/es\/comienzan-las-obras-en-la-avenida-espiritu-santo-en-cangas\/#article\",\"isPartOf\":{\"@id\":\"https:\/\/utegestioncangas.com\/es\/comienzan-las-obras-en-la-avenida-espiritu-santo-en-cangas\/\"},\"author\":{\"name\":\"puntoga\",\"@id\":\"https:\/\/utegestioncangas.com\/es\/#\/schema\/person\/8cd20ccc99da89d838d9240bff227855\"},\"headline\":\"Comienzan las obras en la avenida Esp\u00edritu Santo en Cangas\",\"datePublished\":\"2025-03-05T17:08:13+00:00\",\"dateModified\":\"2025-03-05T17:10:14+00:00\",\"mainEntityOfPage\":{\"@id\":\"https:\/\/utegestioncangas.com\/es\/comienzan-las-obras-en-la-avenida-espiritu-santo-en-cangas\/\"},\"wordCount\":242,\"commentCount\":0,\"publisher\":{\"@id\":\"https:\/\/utegestioncangas.com\/es\/#organization\"},\"image\":{\"@id\":\"https:\/\/utegestioncangas.com\/es\/comienzan-las-obras-en-la-avenida-espiritu-santo-en-cangas\/#primaryimage\"},\"thumbnailUrl\":\"https:\/\/utegestioncangas.com\/wp-content\/uploads\/2025\/03\/UTE_ESPSANT_003-scaled.jpg\",\"articleSection\":[\"Noticias\",\"Portada\"],\"inLanguage\":\"es\",\"potentialAction\":[{\"@type\":\"CommentAction\",\"name\":\"Comment\",\"target\":[\"https:\/\/utegestioncangas.com\/es\/comienzan-las-obras-en-la-avenida-espiritu-santo-en-cangas\/#respond\"]}]},{\"@type\":\"WebPage\",\"@id\":\"https:\/\/utegestioncangas.com\/es\/comienzan-las-obras-en-la-avenida-espiritu-santo-en-cangas\/\",\"url\":\"https:\/\/utegestioncangas.com\/es\/comienzan-las-obras-en-la-avenida-espiritu-santo-en-cangas\/\",\"name\":\"Comienzan las obras en la avenida Esp\u00edritu Santo en Cangas - UTE Gesti\u00f3n Cangas\",\"isPartOf\":{\"@id\":\"https:\/\/utegestioncangas.com\/es\/#website\"},\"primaryImageOfPage\":{\"@id\":\"https:\/\/utegestioncangas.com\/es\/comienzan-las-obras-en-la-avenida-espiritu-santo-en-cangas\/#primaryimage\"},\"image\":{\"@id\":\"https:\/\/utegestioncangas.com\/es\/comienzan-las-obras-en-la-avenida-espiritu-santo-en-cangas\/#primaryimage\"},\"thumbnailUrl\":\"https:\/\/utegestioncangas.com\/wp-content\/uploads\/2025\/03\/UTE_ESPSANT_003-scaled.jpg\",\"datePublished\":\"2025-03-05T17:08:13+00:00\",\"dateModified\":\"2025-03-05T17:10:14+00:00\",\"description\":\"UTE Gesti\u00f3n Cangas ha comenzado las obras para extender el suministro de agua a las viviendas de la zona de A Rosada-Mui\u00f1o de Fausto, en la parroquia de Coiro.\",\"breadcrumb\":{\"@id\":\"https:\/\/utegestioncangas.com\/es\/comienzan-las-obras-en-la-avenida-espiritu-santo-en-cangas\/#breadcrumb\"},\"inLanguage\":\"es\",\"potentialAction\":[{\"@type\":\"ReadAction\",\"target\":[\"https:\/\/utegestioncangas.com\/es\/comienzan-las-obras-en-la-avenida-espiritu-santo-en-cangas\/\"]}]},{\"@type\":\"ImageObject\",\"inLanguage\":\"es\",\"@id\":\"https:\/\/utegestioncangas.com\/es\/comienzan-las-obras-en-la-avenida-espiritu-santo-en-cangas\/#primaryimage\",\"url\":\"https:\/\/utegestioncangas.com\/wp-content\/uploads\/2025\/03\/UTE_ESPSANT_003-scaled.jpg\",\"contentUrl\":\"https:\/\/utegestioncangas.com\/wp-content\/uploads\/2025\/03\/UTE_ESPSANT_003-scaled.jpg\",\"width\":2560,\"height\":1707,\"caption\":\"CANGAS, 250624. CALLE ESPIRITU SANTO DE CANGAS.\"},{\"@type\":\"BreadcrumbList\",\"@id\":\"https:\/\/utegestioncangas.com\/es\/comienzan-las-obras-en-la-avenida-espiritu-santo-en-cangas\/#breadcrumb\",\"itemListElement\":[{\"@type\":\"ListItem\",\"position\":1,\"name\":\"Portada\",\"item\":\"https:\/\/utegestioncangas.com\/es\/\"},{\"@type\":\"ListItem\",\"position\":2,\"name\":\"Comienzan las obras en la avenida Esp\u00edritu Santo en Cangas\"}]},{\"@type\":\"WebSite\",\"@id\":\"https:\/\/utegestioncangas.com\/es\/#website\",\"url\":\"https:\/\/utegestioncangas.com\/es\/\",\"name\":\"UTE Gesti\u00f3n Cangas\",\"description\":\"UTE Gesti\u00f3n Cangas\",\"publisher\":{\"@id\":\"https:\/\/utegestioncangas.com\/es\/#organization\"},\"potentialAction\":[{\"@type\":\"SearchAction\",\"target\":{\"@type\":\"EntryPoint\",\"urlTemplate\":\"https:\/\/utegestioncangas.com\/es\/?s={search_term_string}\"},\"query-input\":{\"@type\":\"PropertyValueSpecification\",\"valueRequired\":true,\"valueName\":\"search_term_string\"}}],\"inLanguage\":\"es\"},{\"@type\":\"Organization\",\"@id\":\"https:\/\/utegestioncangas.com\/es\/#organization\",\"name\":\"UTE Gesti\u00f3n Cangas\",\"url\":\"https:\/\/utegestioncangas.com\/es\/\",\"logo\":{\"@type\":\"ImageObject\",\"inLanguage\":\"es\",\"@id\":\"https:\/\/utegestioncangas.com\/es\/#\/schema\/logo\/image\/\",\"url\":\"http:\/\/utegestioncangas.com\/wp-content\/uploads\/2019\/06\/ute-retina.png\",\"contentUrl\":\"http:\/\/utegestioncangas.com\/wp-content\/uploads\/2019\/06\/ute-retina.png\",\"width\":484,\"height\":100,\"caption\":\"UTE Gesti\u00f3n Cangas\"},\"image\":{\"@id\":\"https:\/\/utegestioncangas.com\/es\/#\/schema\/logo\/image\/\"}},{\"@type\":\"Person\",\"@id\":\"https:\/\/utegestioncangas.com\/es\/#\/schema\/person\/8cd20ccc99da89d838d9240bff227855\",\"name\":\"puntoga\",\"image\":{\"@type\":\"ImageObject\",\"inLanguage\":\"es\",\"@id\":\"https:\/\/utegestioncangas.com\/es\/#\/schema\/person\/image\/\",\"url\":\"https:\/\/secure.gravatar.com\/avatar\/9031bc093d28a3a5d7c7a1394a1c41a5?s=96&d=mm&r=g\",\"contentUrl\":\"https:\/\/secure.gravatar.com\/avatar\/9031bc093d28a3a5d7c7a1394a1c41a5?s=96&d=mm&r=g\",\"caption\":\"puntoga\"}}]}<\/script>\n<!-- \/ Yoast SEO plugin. -->","yoast_head_json":{"title":"Comienzan las obras en la avenida Esp\u00edritu Santo en Cangas - UTE Gesti\u00f3n Cangas","description":"UTE Gesti\u00f3n Cangas ha comenzado las obras para extender el suministro de agua a las viviendas de la zona de A Rosada-Mui\u00f1o de Fausto, en la parroquia de Coiro.","robots":{"index":"index","follow":"follow","max-snippet":"max-snippet:-1","max-image-preview":"max-image-preview:large","max-video-preview":"max-video-preview:-1"},"canonical":"https:\/\/utegestioncangas.com\/es\/comienzan-las-obras-en-la-avenida-espiritu-santo-en-cangas\/","og_locale":"es_ES","og_type":"article","og_title":"Comienzan las obras en la avenida Esp\u00edritu Santo en Cangas - UTE Gesti\u00f3n Cangas","og_description":"UTE Gesti\u00f3n Cangas ha comenzado las obras para extender el suministro de agua a las viviendas de la zona de A Rosada-Mui\u00f1o de Fausto, en la parroquia de Coiro.","og_url":"https:\/\/utegestioncangas.com\/es\/comienzan-las-obras-en-la-avenida-espiritu-santo-en-cangas\/","og_site_name":"UTE Gesti\u00f3n Cangas","article_published_time":"2025-03-05T17:08:13+00:00","article_modified_time":"2025-03-05T17:10:14+00:00","og_image":[{"width":2560,"height":1707,"url":"https:\/\/utegestioncangas.com\/wp-content\/uploads\/2025\/03\/UTE_ESPSANT_003-scaled.jpg","type":"image\/jpeg"}],"author":"puntoga","twitter_card":"summary_large_image","twitter_misc":{"Escrito por":"puntoga","Tiempo de lectura":"2 minutos"},"schema":{"@context":"https:\/\/schema.org","@graph":[{"@type":"Article","@id":"https:\/\/utegestioncangas.com\/es\/comienzan-las-obras-en-la-avenida-espiritu-santo-en-cangas\/#article","isPartOf":{"@id":"https:\/\/utegestioncangas.com\/es\/comienzan-las-obras-en-la-avenida-espiritu-santo-en-cangas\/"},"author":{"name":"puntoga","@id":"https:\/\/utegestioncangas.com\/es\/#\/schema\/person\/8cd20ccc99da89d838d9240bff227855"},"headline":"Comienzan las obras en la avenida Esp\u00edritu Santo en Cangas","datePublished":"2025-03-05T17:08:13+00:00","dateModified":"2025-03-05T17:10:14+00:00","mainEntityOfPage":{"@id":"https:\/\/utegestioncangas.com\/es\/comienzan-las-obras-en-la-avenida-espiritu-santo-en-cangas\/"},"wordCount":242,"commentCount":0,"publisher":{"@id":"https:\/\/utegestioncangas.com\/es\/#organization"},"image":{"@id":"https:\/\/utegestioncangas.com\/es\/comienzan-las-obras-en-la-avenida-espiritu-santo-en-cangas\/#primaryimage"},"thumbnailUrl":"https:\/\/utegestioncangas.com\/wp-content\/uploads\/2025\/03\/UTE_ESPSANT_003-scaled.jpg","articleSection":["Noticias","Portada"],"inLanguage":"es","potentialAction":[{"@type":"CommentAction","name":"Comment","target":["https:\/\/utegestioncangas.com\/es\/comienzan-las-obras-en-la-avenida-espiritu-santo-en-cangas\/#respond"]}]},{"@type":"WebPage","@id":"https:\/\/utegestioncangas.com\/es\/comienzan-las-obras-en-la-avenida-espiritu-santo-en-cangas\/","url":"https:\/\/utegestioncangas.com\/es\/comienzan-las-obras-en-la-avenida-espiritu-santo-en-cangas\/","name":"Comienzan las obras en la avenida Esp\u00edritu Santo en Cangas - UTE Gesti\u00f3n Cangas","isPartOf":{"@id":"https:\/\/utegestioncangas.com\/es\/#website"},"primaryImageOfPage":{"@id":"https:\/\/utegestioncangas.com\/es\/comienzan-las-obras-en-la-avenida-espiritu-santo-en-cangas\/#primaryimage"},"image":{"@id":"https:\/\/utegestioncangas.com\/es\/comienzan-las-obras-en-la-avenida-espiritu-santo-en-cangas\/#primaryimage"},"thumbnailUrl":"https:\/\/utegestioncangas.com\/wp-content\/uploads\/2025\/03\/UTE_ESPSANT_003-scaled.jpg","datePublished":"2025-03-05T17:08:13+00:00","dateModified":"2025-03-05T17:10:14+00:00","description":"UTE Gesti\u00f3n Cangas ha comenzado las obras para extender el suministro de agua a las viviendas de la zona de A Rosada-Mui\u00f1o de Fausto, en la parroquia de Coiro.","breadcrumb":{"@id":"https:\/\/utegestioncangas.com\/es\/comienzan-las-obras-en-la-avenida-espiritu-santo-en-cangas\/#breadcrumb"},"inLanguage":"es","potentialAction":[{"@type":"ReadAction","target":["https:\/\/utegestioncangas.com\/es\/comienzan-las-obras-en-la-avenida-espiritu-santo-en-cangas\/"]}]},{"@type":"ImageObject","inLanguage":"es","@id":"https:\/\/utegestioncangas.com\/es\/comienzan-las-obras-en-la-avenida-espiritu-santo-en-cangas\/#primaryimage","url":"https:\/\/utegestioncangas.com\/wp-content\/uploads\/2025\/03\/UTE_ESPSANT_003-scaled.jpg","contentUrl":"https:\/\/utegestioncangas.com\/wp-content\/uploads\/2025\/03\/UTE_ESPSANT_003-scaled.jpg","width":2560,"height":1707,"caption":"CANGAS, 250624. CALLE ESPIRITU SANTO DE CANGAS."},{"@type":"BreadcrumbList","@id":"https:\/\/utegestioncangas.com\/es\/comienzan-las-obras-en-la-avenida-espiritu-santo-en-cangas\/#breadcrumb","itemListElement":[{"@type":"ListItem","position":1,"name":"Portada","item":"https:\/\/utegestioncangas.com\/es\/"},{"@type":"ListItem","position":2,"name":"Comienzan las obras en la avenida Esp\u00edritu Santo en Cangas"}]},{"@type":"WebSite","@id":"https:\/\/utegestioncangas.com\/es\/#website","url":"https:\/\/utegestioncangas.com\/es\/","name":"UTE Gesti\u00f3n Cangas","description":"UTE Gesti\u00f3n Cangas","publisher":{"@id":"https:\/\/utegestioncangas.com\/es\/#organization"},"potentialAction":[{"@type":"SearchAction","target":{"@type":"EntryPoint","urlTemplate":"https:\/\/utegestioncangas.com\/es\/?s={search_term_string}"},"query-input":{"@type":"PropertyValueSpecification","valueRequired":true,"valueName":"search_term_string"}}],"inLanguage":"es"},{"@type":"Organization","@id":"https:\/\/utegestioncangas.com\/es\/#organization","name":"UTE Gesti\u00f3n Cangas","url":"https:\/\/utegestioncangas.com\/es\/","logo":{"@type":"ImageObject","inLanguage":"es","@id":"https:\/\/utegestioncangas.com\/es\/#\/schema\/logo\/image\/","url":"http:\/\/utegestioncangas.com\/wp-content\/uploads\/2019\/06\/ute-retina.png","contentUrl":"http:\/\/utegestioncangas.com\/wp-content\/uploads\/2019\/06\/ute-retina.png","width":484,"height":100,"caption":"UTE Gesti\u00f3n Cangas"},"image":{"@id":"https:\/\/utegestioncangas.com\/es\/#\/schema\/logo\/image\/"}},{"@type":"Person","@id":"https:\/\/utegestioncangas.com\/es\/#\/schema\/person\/8cd20ccc99da89d838d9240bff227855","name":"puntoga","image":{"@type":"ImageObject","inLanguage":"es","@id":"https:\/\/utegestioncangas.com\/es\/#\/schema\/person\/image\/","url":"https:\/\/secure.gravatar.com\/avatar\/9031bc093d28a3a5d7c7a1394a1c41a5?s=96&d=mm&r=g","contentUrl":"https:\/\/secure.gravatar.com\/avatar\/9031bc093d28a3a5d7c7a1394a1c41a5?s=96&d=mm&r=g","caption":"puntoga"}}]}},"_links":{"self":[{"href":"https:\/\/utegestioncangas.com\/es\/wp-json\/wp\/v2\/posts\/2718","targetHints":{"allow":["GET"]}}],"collection":[{"href":"https:\/\/utegestioncangas.com\/es\/wp-json\/wp\/v2\/posts"}],"about":[{"href":"https:\/\/utegestioncangas.com\/es\/wp-json\/wp\/v2\/types\/post"}],"author":[{"embeddable":true,"href":"https:\/\/utegestioncangas.com\/es\/wp-json\/wp\/v2\/users\/5"}],"replies":[{"embeddable":true,"href":"https:\/\/utegestioncangas.com\/es\/wp-json\/wp\/v2\/comments?post=2718"}],"version-history":[{"count":5,"href":"https:\/\/utegestioncangas.com\/es\/wp-json\/wp\/v2\/posts\/2718\/revisions"}],"predecessor-version":[{"id":2733,"href":"https:\/\/utegestioncangas.com\/es\/wp-json\/wp\/v2\/posts\/2718\/revisions\/2733"}],"wp:featuredmedia":[{"embeddable":true,"href":"https:\/\/utegestioncangas.com\/es\/wp-json\/wp\/v2\/media\/2720"}],"wp:attachment":[{"href":"https:\/\/utegestioncangas.com\/es\/wp-json\/wp\/v2\/media?parent=2718"}],"wp:term":[{"taxonomy":"category","embeddable":true,"href":"https:\/\/utegestioncangas.com\/es\/wp-json\/wp\/v2\/categories?post=2718"},{"taxonomy":"post_tag","embeddable":true,"href":"https:\/\/utegestioncangas.com\/es\/wp-json\/wp\/v2\/tags?post=2718"}],"curies":[{"name":"wp","href":"https:\/\/api.w.org\/{rel}","templated":true}]}}